{"id":21869,"date":"2015-09-24T00:17:23","date_gmt":"2015-09-24T03:17:23","guid":{"rendered":"https:\/\/portalv1.com.br\/?p=21869"},"modified":"2015-09-25T21:39:23","modified_gmt":"2015-09-26T00:39:23","slug":"festejo-de-sao-francisco-de-assis-comeca-nessa-sexta-feira","status":"publish","type":"post","link":"https:\/\/portalv1.com.br\/festejo-de-sao-francisco-de-assis-comeca-nessa-sexta-feira\/","title":{"rendered":"Festejo de S\u00e3o Francisco de Assis j\u00e1 come\u00e7ou"},"content":{"rendered":"<p><img loading=\"lazy\" decoding=\"async\" class=\"alignright size-medium wp-image-21870\" src=\"https:\/\/portalv1.com.br\/app\/wp-content\/uploads\/2015\/09\/portalv1-030-300x225.jpg\" alt=\"portalv1-030\" width=\"300\" height=\"225\" srcset=\"https:\/\/portalv1.com.br\/app\/wp-content\/uploads\/2015\/09\/portalv1-030-300x225.jpg 300w, https:\/\/portalv1.com.br\/app\/wp-content\/uploads\/2015\/09\/portalv1-030.jpg 640w\" sizes=\"auto, (max-width: 300px) 100vw, 300px\" \/>Come\u00e7a nessa sexta-feira, 25 de setembro, o Festejo de S\u00e3o Francisco de Assis no bairro COHAB. A programa\u00e7\u00e3o come\u00e7a \u00e0s 04h da manha com ora\u00e7\u00e3o seguido de um caf\u00e9 da manha partilhado.<\/p>\n<p>Dia 27 tem batizado as 08h da manha e confiss\u00f5es nos dias 29, 01 e 02 de outubro. Dia 03 tem a missa dos idosos e dia 04 haver\u00e1 a b\u00ean\u00e7\u00e3o dos animais as 08h.<\/p>\n<p>No dia 04 encerramento do festejo haver\u00e1 prociss\u00e3o \u00e0s 17h com sa\u00edda da Barrinha at\u00e9 a Par\u00f3quia de S\u00e3o Francisco. A coordena\u00e7\u00e3o do festejo \u00e9 do padre Antonio Carlos e conselho pastoral e econ\u00f4mico.<\/p>\n","protected":false},"excerpt":{"rendered":"<p>Come\u00e7a nessa sexta-feira, 25 de setembro, o Festejo de S\u00e3o Francisco de Assis no bairro COHAB. A programa\u00e7\u00e3o come\u00e7a \u00e0s 04h da manha com ora\u00e7\u00e3o seguido de um caf\u00e9 da&#8230;<\/p>\n","protected":false},"author":1,"featured_media":0,"comment_status":"open","ping_status":"open","sticky":false,"template":"","format":"standard","meta":{"ngg_post_thumbnail":0,"footnotes":""},"categories":[12],"tags":[],"class_list":["post-21869","post","type-post","status-publish","format-standard","hentry","category-valenca-news"],"views":493,"meta_data":{"thumb":"https:\/\/portalv1.com.br\/app\/wp-content\/uploads\/2015\/09\/portalv1-030.jpg","data":{"simple":"23\/09\/2015","date_time":"23\/09\/2015 21:17:23","date":"h\u00e1 11 anos"},"chapeu":"Religi\u00e3o ","source":"foto_menor"},"_links":{"self":[{"href":"https:\/\/portalv1.com.br\/api\/wp\/v2\/posts\/21869","targetHints":{"allow":["GET"]}}],"collection":[{"href":"https:\/\/portalv1.com.br\/api\/wp\/v2\/posts"}],"about":[{"href":"https:\/\/portalv1.com.br\/api\/wp\/v2\/types\/post"}],"author":[{"embeddable":true,"href":"https:\/\/portalv1.com.br\/api\/wp\/v2\/users\/1"}],"replies":[{"embeddable":true,"href":"https:\/\/portalv1.com.br\/api\/wp\/v2\/comments?post=21869"}],"version-history":[{"count":0,"href":"https:\/\/portalv1.com.br\/api\/wp\/v2\/posts\/21869\/revisions"}],"wp:attachment":[{"href":"https:\/\/portalv1.com.br\/api\/wp\/v2\/media?parent=21869"}],"wp:term":[{"taxonomy":"category","embeddable":true,"href":"https:\/\/portalv1.com.br\/api\/wp\/v2\/categories?post=21869"},{"taxonomy":"post_tag","embeddable":true,"href":"https:\/\/portalv1.com.br\/api\/wp\/v2\/tags?post=21869"}],"curies":[{"name":"wp","href":"https:\/\/api.w.org\/{rel}","templated":true}]}}