{"id":218726,"date":"2024-09-20T11:01:17","date_gmt":"2024-09-20T14:01:17","guid":{"rendered":"https:\/\/portalv1.com.br\/?p=218726"},"modified":"2024-09-20T09:58:40","modified_gmt":"2024-09-20T12:58:40","slug":"pesquisa-confirma-vitoria-de-marcelo-costa-em-valenca-com-7071-dos-votos-validos","status":"publish","type":"post","link":"https:\/\/portalv1.com.br\/pesquisa-confirma-vitoria-de-marcelo-costa-em-valenca-com-7071-dos-votos-validos\/","title":{"rendered":"Pesquisa confirma vit\u00f3ria de Marcelo Costa em Valen\u00e7a com 70,71% dos votos v\u00e1lidos"},"content":{"rendered":"<p>A nova pesquisa divulgada nesta sexta-feira (20) pelo Instituto Idealize refor\u00e7a a posi\u00e7\u00e3o consolidada do atual prefeito de Valen\u00e7a do Piau\u00ed, Marcelo Costa (PP), como favorito para a reelei\u00e7\u00e3o, apontando uma lideran\u00e7a confort\u00e1vel na corrida eleitoral. Al\u00e9m da inten\u00e7\u00e3o de votos, o levantamento tamb\u00e9m mediu a rejei\u00e7\u00e3o dos candidatos e a percep\u00e7\u00e3o da popula\u00e7\u00e3o sobre a gest\u00e3o municipal.<\/p>\n<p>Faltando menos de vinte dias para as elei\u00e7\u00f5es de 6 de outubro, Marcelo Costa aparece com 70,71% das inten\u00e7\u00f5es de votos v\u00e1lidos na pesquisa estimulada, quando os nomes dos candidatos s\u00e3o apresentados aos eleitores. Esse n\u00famero reflete uma expressiva vantagem sobre seus advers\u00e1rios. Na segunda posi\u00e7\u00e3o, aparece o candidato Leonardo Nogueira (PT) com 21,76% das inten\u00e7\u00f5es de voto, seguido por K\u00e1ssio Gomes (PODE), que det\u00e9m 7,53%.<\/p>\n<p><strong>Rejei\u00e7\u00e3o<\/strong><\/p>\n<p>Marcelo Costa tamb\u00e9m \u00e9 o candidato com menor rejei\u00e7\u00e3o, de acordo com o levantamento do Instituto Idealize. Quando perguntados &#8220;Se a elei\u00e7\u00e3o fosse hoje, em quem o (a) Sr.(a) N\u00c3O VOTARIA DE JEITO NENHUM para PREFEITO DE VALEN\u00c7A DO PIAU\u00cd?&#8221;, apenas 7,5% dos eleitores afirmaram que n\u00e3o votariam no atual prefeito. Do lado oposto, Leonardo Nogueira \u00e9 o mais rejeitado, com 20,9%, seguido por K\u00e1ssio Gomes, com 17,4%. Entre os eleitores, 24,3% afirmaram n\u00e3o rejeitar nenhum candidato, enquanto 16,5% declararam que votariam em branco, nulo ou em nenhum dos candidatos. J\u00e1 13,4% preferiram n\u00e3o opinar.<\/p>\n<p><strong>Aprova\u00e7\u00e3o da Gest\u00e3o<\/strong><\/p>\n<p>Outro ponto abordado pela pesquisa foi a avalia\u00e7\u00e3o da gest\u00e3o de Marcelo Costa. Quando questionados &#8220;De uma maneira geral, voc\u00ea APROVA ou DESAPROVA a administra\u00e7\u00e3o do PREFEITO MARCELO COSTA?&#8221;, 62,9% dos eleitores disseram aprovar a gest\u00e3o, enquanto 15,3% desaprovam. Outros 21,8% n\u00e3o souberam ou preferiram n\u00e3o opinar.<\/p>\n<p>A pesquisa, realizada entre os dias 11 e 12 de setembro, entrevistou 321 eleitores de Valen\u00e7a do Piau\u00ed. O levantamento possui um n\u00edvel de confian\u00e7a de 95% e uma margem de erro de 5,5 pontos percentuais. O registro foi feito na Justi\u00e7a Eleitoral sob o n\u00famero PI 04277\/2024. <a href=\"https:\/\/portalv1.com.br\/app\/wp-content\/uploads\/2024\/09\/IMG_3087.jpg\"><img loading=\"lazy\" decoding=\"async\" class=\"aligncenter size-full wp-image-218662\" src=\"https:\/\/portalv1.com.br\/app\/wp-content\/uploads\/2024\/09\/IMG_3087.jpg\" alt=\"\" width=\"1920\" height=\"1078\" srcset=\"https:\/\/portalv1.com.br\/app\/wp-content\/uploads\/2024\/09\/IMG_3087.jpg 1920w, https:\/\/portalv1.com.br\/app\/wp-content\/uploads\/2024\/09\/IMG_3087-300x168.jpg 300w, https:\/\/portalv1.com.br\/app\/wp-content\/uploads\/2024\/09\/IMG_3087-640x359.jpg 640w, https:\/\/portalv1.com.br\/app\/wp-content\/uploads\/2024\/09\/IMG_3087-768x431.jpg 768w, https:\/\/portalv1.com.br\/app\/wp-content\/uploads\/2024\/09\/IMG_3087-1536x862.jpg 1536w\" sizes=\"auto, (max-width: 1920px) 100vw, 1920px\" \/><\/a><\/p>\n<p>&nbsp;<\/p>\n","protected":false},"excerpt":{"rendered":"<p>A nova pesquisa divulgada nesta sexta-feira (20) pelo Instituto Idealize refor\u00e7a a posi\u00e7\u00e3o consolidada do atual prefeito de Valen\u00e7a do Piau\u00ed, Marcelo Costa (PP), como favorito para a reelei\u00e7\u00e3o, apontando&#8230;<\/p>\n","protected":false},"author":1,"featured_media":218662,"comment_status":"open","ping_status":"open","sticky":false,"template":"","format":"standard","meta":{"ngg_post_thumbnail":0,"footnotes":""},"categories":[243],"tags":[],"class_list":["post-218726","post","type-post","status-publish","format-standard","has-post-thumbnail","hentry","category-geral"],"views":1726,"meta_data":{"thumb":"https:\/\/portalv1.com.br\/app\/wp-content\/uploads\/2024\/09\/IMG_3087.jpg","imagem":{"fullsize":{"url":"https:\/\/portalv1.com.br\/app\/wp-content\/uploads\/2024\/09\/IMG_3087.jpg","width":1920,"height":1078},"medium":{"url":"https:\/\/portalv1.com.br\/app\/wp-content\/uploads\/2024\/09\/IMG_3087-300x168.jpg","width":300,"height":168},"large":{"url":"https:\/\/portalv1.com.br\/app\/wp-content\/uploads\/2024\/09\/IMG_3087-640x359.jpg","width":640,"height":359},"thumbnail":{"url":"https:\/\/portalv1.com.br\/app\/wp-content\/uploads\/2024\/09\/IMG_3087-100x100.jpg","width":100,"height":100},"medium_large":{"url":"https:\/\/portalv1.com.br\/app\/wp-content\/uploads\/2024\/09\/IMG_3087-768x431.jpg","width":768,"height":431},"1536x1536":{"url":"https:\/\/portalv1.com.br\/app\/wp-content\/uploads\/2024\/09\/IMG_3087-1536x862.jpg","width":1536,"height":862}},"data":{"simple":"20\/09\/2024","date_time":"20\/09\/2024 08:01:17","date":"h\u00e1 2 anos"},"chapeu":"Elie\u00e7\u00f5es 2024","source":"slide"},"_links":{"self":[{"href":"https:\/\/portalv1.com.br\/api\/wp\/v2\/posts\/218726","targetHints":{"allow":["GET"]}}],"collection":[{"href":"https:\/\/portalv1.com.br\/api\/wp\/v2\/posts"}],"about":[{"href":"https:\/\/portalv1.com.br\/api\/wp\/v2\/types\/post"}],"author":[{"embeddable":true,"href":"https:\/\/portalv1.com.br\/api\/wp\/v2\/users\/1"}],"replies":[{"embeddable":true,"href":"https:\/\/portalv1.com.br\/api\/wp\/v2\/comments?post=218726"}],"version-history":[{"count":0,"href":"https:\/\/portalv1.com.br\/api\/wp\/v2\/posts\/218726\/revisions"}],"wp:featuredmedia":[{"embeddable":true,"href":"https:\/\/portalv1.com.br\/api\/wp\/v2\/media\/218662"}],"wp:attachment":[{"href":"https:\/\/portalv1.com.br\/api\/wp\/v2\/media?parent=218726"}],"wp:term":[{"taxonomy":"category","embeddable":true,"href":"https:\/\/portalv1.com.br\/api\/wp\/v2\/categories?post=218726"},{"taxonomy":"post_tag","embeddable":true,"href":"https:\/\/portalv1.com.br\/api\/wp\/v2\/tags?post=218726"}],"curies":[{"name":"wp","href":"https:\/\/api.w.org\/{rel}","templated":true}]}}