{"id":21909,"date":"2015-10-01T11:45:50","date_gmt":"2015-10-01T14:45:50","guid":{"rendered":"https:\/\/portalv1.com.br\/?p=21909"},"modified":"2015-10-05T07:41:53","modified_gmt":"2015-10-05T10:41:53","slug":"stefhany-escolhida-por-deus-se-apresenta-em-valenca-dia-24-de-outubro-2","status":"publish","type":"post","link":"https:\/\/portalv1.com.br\/stefhany-escolhida-por-deus-se-apresenta-em-valenca-dia-24-de-outubro-2\/","title":{"rendered":"Stefhany \u201cEscolhida Por Deus\u201d se apresenta em Valen\u00e7a dia 24 de outubro"},"content":{"rendered":"<figure id=\"attachment_21908\" aria-describedby=\"caption-attachment-21908\" style=\"width: 640px\" class=\"wp-caption aligncenter\"><img loading=\"lazy\" decoding=\"async\" class=\"size-large wp-image-21908\" src=\"https:\/\/portalv1.com.br\/app\/wp-content\/uploads\/2015\/10\/absoluta-640x390.jpg\" alt=\"Stefhany \u201cEscolhida Por Deus\u201d \" width=\"640\" height=\"390\" srcset=\"https:\/\/portalv1.com.br\/app\/wp-content\/uploads\/2015\/10\/absoluta.jpg 640w, https:\/\/portalv1.com.br\/app\/wp-content\/uploads\/2015\/10\/absoluta-300x183.jpg 300w\" sizes=\"auto, (max-width: 640px) 100vw, 640px\" \/><figcaption id=\"caption-attachment-21908\" class=\"wp-caption-text\">Stefhany \u201cEscolhida Por Deus\u201d<\/figcaption><\/figure>\n<p>A cantora Stefhany \u201cEscolhida Por Deus\u201d se apresentar\u00e1 em Valen\u00e7a, no pr\u00f3ximo dia 24 de outubro em grande culto em a\u00e7\u00e3o de gra\u00e7as, na Fazenda Bom Jesus (Antiga Agua de Coco), depois do posto da Policia Rodovi\u00e1ria Federal.<\/p>\n<p>Uma grande programa\u00e7\u00e3o e estrutura est\u00e3o sendo montada para o evento que come\u00e7a \u00e0s 16h com grande carreata com sa\u00edda da Valencinha. A organiza\u00e7\u00e3o do evento \u00e9 do irm\u00e3o Roberto Cardoso, que ir\u00e1 disponibilizar \u00f4nibus gratuitos, saindo da rodovi\u00e1ria at\u00e9 o local do culto marcado para as 19h.<\/p>\n<p>Conhecida nacionalmente por Stefhany Absoluta, ela se converteu a Igreja Evang\u00e9lica e segue com sua carreira musical agora no seguimento gospel, onde vem obtendo grande sucesso. Essa transi\u00e7\u00e3o foi narrado em seu ultimo clipe intitulado de Fiel Adorador (Como J\u00f3), onde ela narra o abandono por parte de alguns amigos famosos e empres\u00e1rios que se recusam a contrat\u00e1-la devido a sua op\u00e7\u00e3o religiosa.<\/p>\n<p>Sua apresenta\u00e7\u00e3o em Valen\u00e7a est\u00e1 sendo preparada com muito carinho pela organiza\u00e7\u00e3o que pretende reunir um grande publico para ouvir o testemunho da cantora e apreciar seu talento dado por Deus. A organiza\u00e7\u00e3o lembra que o evento \u00e9 aberto ao publico em geral. Veja o clipe Fiel Adorador (Como J\u00f3).<\/p>\n<p><div class=\"content-iframe\" data-content-width=\"600\"><iframe loading=\"lazy\" src=\"https:\/\/www.youtube.com\/embed\/dlPDkjFetsE\" width=\"560\" height=\"315\" frameborder=\"0\" allowfullscreen=\"allowfullscreen\"><\/iframe><\/div><\/p>\n","protected":false},"excerpt":{"rendered":"<p>A cantora Stefhany \u201cEscolhida Por Deus\u201d se apresentar\u00e1 em Valen\u00e7a, no pr\u00f3ximo dia 24 de outubro em grande culto em a\u00e7\u00e3o de gra\u00e7as, na Fazenda Bom Jesus (Antiga Agua de&#8230;<\/p>\n","protected":false},"author":1,"featured_media":0,"comment_status":"open","ping_status":"open","sticky":false,"template":"","format":"standard","meta":{"ngg_post_thumbnail":0,"footnotes":""},"categories":[245,12],"tags":[],"class_list":["post-21909","post","type-post","status-publish","format-standard","hentry","category-entretenimento","category-valenca-news"],"views":1703,"meta_data":{"thumb":"https:\/\/portalv1.com.br\/app\/wp-content\/uploads\/2015\/10\/absoluta.jpg","data":{"simple":"01\/10\/2015","date_time":"01\/10\/2015 08:45:50","date":"h\u00e1 11 anos"},"chapeu":"Show gospel ","source":"retirar"},"_links":{"self":[{"href":"https:\/\/portalv1.com.br\/api\/wp\/v2\/posts\/21909","targetHints":{"allow":["GET"]}}],"collection":[{"href":"https:\/\/portalv1.com.br\/api\/wp\/v2\/posts"}],"about":[{"href":"https:\/\/portalv1.com.br\/api\/wp\/v2\/types\/post"}],"author":[{"embeddable":true,"href":"https:\/\/portalv1.com.br\/api\/wp\/v2\/users\/1"}],"replies":[{"embeddable":true,"href":"https:\/\/portalv1.com.br\/api\/wp\/v2\/comments?post=21909"}],"version-history":[{"count":0,"href":"https:\/\/portalv1.com.br\/api\/wp\/v2\/posts\/21909\/revisions"}],"wp:attachment":[{"href":"https:\/\/portalv1.com.br\/api\/wp\/v2\/media?parent=21909"}],"wp:term":[{"taxonomy":"category","embeddable":true,"href":"https:\/\/portalv1.com.br\/api\/wp\/v2\/categories?post=21909"},{"taxonomy":"post_tag","embeddable":true,"href":"https:\/\/portalv1.com.br\/api\/wp\/v2\/tags?post=21909"}],"curies":[{"name":"wp","href":"https:\/\/api.w.org\/{rel}","templated":true}]}}