{"id":219405,"date":"2024-09-21T20:45:40","date_gmt":"2024-09-21T23:45:40","guid":{"rendered":"https:\/\/portalv1.com.br\/?p=219405"},"modified":"2024-09-22T14:06:36","modified_gmt":"2024-09-22T17:06:36","slug":"ex-senador-joao-vicente-claudino-sofre-acidente-de-carro","status":"publish","type":"post","link":"https:\/\/portalv1.com.br\/ex-senador-joao-vicente-claudino-sofre-acidente-de-carro\/","title":{"rendered":"Ex-senador Jo\u00e3o Vicente Claudino sofre acidente de carro"},"content":{"rendered":"<p>O ex-senador Jo\u00e3o Vicente Claudino se envolveu em um acidente de carro na noite dessa sexta-feira (20\/09), nas proximidades da cidade de Hugo Napole\u00e3o, Piau\u00ed. O incidente ocorreu enquanto ele retornava de Santa Cruz dos Milagres, onde participou de um evento pol\u00edtico, com destino a uma festividade em \u00c1gua Branca. O ve\u00edculo que ele dirigia capotou ap\u00f3s uma tentativa de desvio de um animal na pista.<\/p>\n<p>Informa\u00e7\u00f5es preliminares indicam que, apesar da destrui\u00e7\u00e3o do carro, Jo\u00e3o Vicente e um amigo que o acompanhava sofreram apenas escoria\u00e7\u00f5es leves. Ambos foram socorridos e levados ao hospital em \u00c1gua Branca, sendo posteriormente transferidos para o Hospital de Terapia Intensiva (HTI) em Teresina para observa\u00e7\u00e3o m\u00e9dica. Ismael Eg\u00eddio, amigo pessoal de Claudino, confirmou que os ferimentos n\u00e3o eram graves.<\/p>\n<p>Imagens do acidente mostram a gravidade do capotamento, com marcas de sangue encontradas na parte interna do ve\u00edculo. At\u00e9 o momento, n\u00e3o h\u00e1 informa\u00e7\u00f5es detalhadas sobre o estado de sa\u00fade dos envolvidos, e tentativas de contato com a assessoria de Jo\u00e3o Vicente n\u00e3o tiveram retorno at\u00e9 o fechamento desta mat\u00e9ria. <a href=\"https:\/\/portalv1.com.br\/app\/wp-content\/uploads\/2024\/09\/qwdqwde_7564647943508198476.jpg\"><img loading=\"lazy\" decoding=\"async\" class=\"aligncenter size-full wp-image-219406\" src=\"https:\/\/portalv1.com.br\/app\/wp-content\/uploads\/2024\/09\/qwdqwde_7564647943508198476.jpg\" alt=\"\" width=\"1038\" height=\"590\" srcset=\"https:\/\/portalv1.com.br\/app\/wp-content\/uploads\/2024\/09\/qwdqwde_7564647943508198476.jpg 1038w, https:\/\/portalv1.com.br\/app\/wp-content\/uploads\/2024\/09\/qwdqwde_7564647943508198476-300x171.jpg 300w, https:\/\/portalv1.com.br\/app\/wp-content\/uploads\/2024\/09\/qwdqwde_7564647943508198476-640x364.jpg 640w, https:\/\/portalv1.com.br\/app\/wp-content\/uploads\/2024\/09\/qwdqwde_7564647943508198476-768x437.jpg 768w\" sizes=\"auto, (max-width: 1038px) 100vw, 1038px\" \/><\/a> <a href=\"https:\/\/portalv1.com.br\/app\/wp-content\/uploads\/2024\/09\/wdewd_7564589813023683139.jpg\"><img loading=\"lazy\" decoding=\"async\" class=\"aligncenter size-full wp-image-219407\" src=\"https:\/\/portalv1.com.br\/app\/wp-content\/uploads\/2024\/09\/wdewd_7564589813023683139.jpg\" alt=\"\" width=\"1038\" height=\"590\" srcset=\"https:\/\/portalv1.com.br\/app\/wp-content\/uploads\/2024\/09\/wdewd_7564589813023683139.jpg 1038w, https:\/\/portalv1.com.br\/app\/wp-content\/uploads\/2024\/09\/wdewd_7564589813023683139-300x171.jpg 300w, https:\/\/portalv1.com.br\/app\/wp-content\/uploads\/2024\/09\/wdewd_7564589813023683139-640x364.jpg 640w, https:\/\/portalv1.com.br\/app\/wp-content\/uploads\/2024\/09\/wdewd_7564589813023683139-768x437.jpg 768w\" sizes=\"auto, (max-width: 1038px) 100vw, 1038px\" \/><\/a><\/p>\n","protected":false},"excerpt":{"rendered":"<p>O ex-senador Jo\u00e3o Vicente Claudino se envolveu em um acidente de carro na noite dessa sexta-feira (20\/09), nas proximidades da cidade de Hugo Napole\u00e3o, Piau\u00ed. O incidente ocorreu enquanto ele&#8230;<\/p>\n","protected":false},"author":1,"featured_media":44508,"comment_status":"open","ping_status":"open","sticky":false,"template":"","format":"standard","meta":{"ngg_post_thumbnail":0,"footnotes":""},"categories":[243],"tags":[],"class_list":["post-219405","post","type-post","status-publish","format-standard","has-post-thumbnail","hentry","category-geral"],"views":652,"meta_data":{"thumb":"https:\/\/portalv1.com.br\/app\/wp-content\/uploads\/2018\/01\/jvc.jpg","imagem":{"fullsize":{"url":"https:\/\/portalv1.com.br\/app\/wp-content\/uploads\/2018\/01\/jvc.jpg","width":640,"height":340},"thumbnail":{"url":"https:\/\/portalv1.com.br\/app\/wp-content\/uploads\/2018\/01\/jvc-100x100.jpg","width":100,"height":100},"medium":{"url":"https:\/\/portalv1.com.br\/app\/wp-content\/uploads\/2018\/01\/jvc-300x159.jpg","width":300,"height":159},"large":{"url":"https:\/\/portalv1.com.br\/app\/wp-content\/uploads\/2018\/01\/jvc-640x340.jpg","width":640,"height":340}},"data":{"simple":"21\/09\/2024","date_time":"21\/09\/2024 17:45:40","date":"h\u00e1 2 anos"},"chapeu":"Veja informa\u00e7\u00f5es ","source":"m_destacada"},"_links":{"self":[{"href":"https:\/\/portalv1.com.br\/api\/wp\/v2\/posts\/219405","targetHints":{"allow":["GET"]}}],"collection":[{"href":"https:\/\/portalv1.com.br\/api\/wp\/v2\/posts"}],"about":[{"href":"https:\/\/portalv1.com.br\/api\/wp\/v2\/types\/post"}],"author":[{"embeddable":true,"href":"https:\/\/portalv1.com.br\/api\/wp\/v2\/users\/1"}],"replies":[{"embeddable":true,"href":"https:\/\/portalv1.com.br\/api\/wp\/v2\/comments?post=219405"}],"version-history":[{"count":0,"href":"https:\/\/portalv1.com.br\/api\/wp\/v2\/posts\/219405\/revisions"}],"wp:featuredmedia":[{"embeddable":true,"href":"https:\/\/portalv1.com.br\/api\/wp\/v2\/media\/44508"}],"wp:attachment":[{"href":"https:\/\/portalv1.com.br\/api\/wp\/v2\/media?parent=219405"}],"wp:term":[{"taxonomy":"category","embeddable":true,"href":"https:\/\/portalv1.com.br\/api\/wp\/v2\/categories?post=219405"},{"taxonomy":"post_tag","embeddable":true,"href":"https:\/\/portalv1.com.br\/api\/wp\/v2\/tags?post=219405"}],"curies":[{"name":"wp","href":"https:\/\/api.w.org\/{rel}","templated":true}]}}