{"id":219711,"date":"2024-09-29T11:38:46","date_gmt":"2024-09-29T14:38:46","guid":{"rendered":"https:\/\/portalv1.com.br\/?p=219711"},"modified":"2024-09-29T11:39:41","modified_gmt":"2024-09-29T14:39:41","slug":"outubro-tera-bandeira-vermelha-2-e-conta-de-luz-ficara-mais-cara-avisa-aneel","status":"publish","type":"post","link":"https:\/\/portalv1.com.br\/outubro-tera-bandeira-vermelha-2-e-conta-de-luz-ficara-mais-cara-avisa-aneel\/","title":{"rendered":"Outubro ter\u00e1 bandeira vermelha 2 e conta de luz ficar\u00e1 mais cara, avisa Aneel"},"content":{"rendered":"<p>A Ag\u00eancia Nacional de Energia El\u00e9trica (Aneel) anunciou que, em outubro, a bandeira tarif\u00e1ria ser\u00e1 vermelha patamar 2, a mais cara do sistema. O consumidor dever\u00e1 pagar uma cobran\u00e7a adicional de R$ 7,877 para cada 100 quilowatts-hora (kWh) de energia consumidos. Essa \u00e9 a primeira vez desde agosto de 2021 que a bandeira vermelha patamar 2 \u00e9 acionada.<\/p>\n<p>De acordo com a Aneel, a ativa\u00e7\u00e3o da bandeira tarif\u00e1ria mais cara para outubro foi influenciada por dois fatores principais. O primeiro \u00e9 o risco hidrol\u00f3gico, que se refere \u00e0 baixa previs\u00e3o de chuvas nos reservat\u00f3rios das hidrel\u00e9tricas do pa\u00eds. A escassez de \u00e1gua nos reservat\u00f3rios afeta a gera\u00e7\u00e3o de energia pelas hidrel\u00e9tricas, for\u00e7ando o acionamento de fontes de energia mais caras, como as termel\u00e9tricas.<\/p>\n<p>O segundo fator que contribuiu para o aumento foi a eleva\u00e7\u00e3o dos pre\u00e7os no mercado de energia el\u00e9trica, resultado do desequil\u00edbrio entre oferta e demanda no sistema interligado de energia. Esses fatores combinados resultaram na necessidade de acionamento da bandeira tarif\u00e1ria vermelha patamar 2, impactando diretamente as contas de luz dos consumidores.<\/p>\n<p>Desde abril de 2022, o Brasil vinha mantendo uma sequ\u00eancia de bandeiras verdes, sem cobran\u00e7a adicional nas contas de luz. Em julho de 2024, essa sequ\u00eancia foi interrompida com a ado\u00e7\u00e3o da bandeira amarela, seguida pela volta da bandeira verde em agosto. A Aneel chegou a anunciar a bandeira vermelha patamar 2 para setembro, mas corrigiu a informa\u00e7\u00e3o dias depois, mantendo o patamar 1.<\/p>\n<p><strong>Como funciona o sistema de bandeiras tarif\u00e1rias<\/strong><\/p>\n<p>As bandeiras tarif\u00e1rias s\u00e3o um sistema criado pela Aneel para sinalizar aos consumidores os custos vari\u00e1veis da gera\u00e7\u00e3o de energia e incentivar o consumo consciente. Existem tr\u00eas tipos de bandeiras: verde, amarela e vermelha. A cor da bandeira indica o custo vari\u00e1vel da gera\u00e7\u00e3o de energia e, consequentemente, o valor a ser acrescido \u00e0 conta de luz.<\/p>\n<p>Verde: Indica condi\u00e7\u00f5es favor\u00e1veis de gera\u00e7\u00e3o de energia, com baixo custo vari\u00e1vel.<\/p>\n<p>Amarela: Sinaliza custos de gera\u00e7\u00e3o um pouco mais elevados, em geral devido a uma menor disponibilidade de \u00e1gua nos reservat\u00f3rios.<\/p>\n<p>Vermelha: Indica condi\u00e7\u00f5es mais custosas de gera\u00e7\u00e3o, como a atual, em que h\u00e1 menor disponibilidade de \u00e1gua nos reservat\u00f3rios e maior necessidade de acionar usinas t\u00e9rmicas. A bandeira vermelha possui dois patamares: patamar 1 e patamar 2, sendo este \u00faltimo o mais caro.<\/p>\n<p>Com informa\u00e7\u00f5es da Ag\u00eancia brasil<\/p>\n","protected":false},"excerpt":{"rendered":"<p>A Ag\u00eancia Nacional de Energia El\u00e9trica (Aneel) anunciou que, em outubro, a bandeira tarif\u00e1ria ser\u00e1 vermelha patamar 2, a mais cara do sistema. O consumidor dever\u00e1 pagar uma cobran\u00e7a adicional&#8230;<\/p>\n","protected":false},"author":1,"featured_media":219712,"comment_status":"open","ping_status":"open","sticky":false,"template":"","format":"standard","meta":{"ngg_post_thumbnail":0,"footnotes":""},"categories":[243],"tags":[],"class_list":["post-219711","post","type-post","status-publish","format-standard","has-post-thumbnail","hentry","category-geral"],"views":188,"meta_data":{"thumb":"https:\/\/portalv1.com.br\/app\/wp-content\/uploads\/2024\/09\/luz.jpg","imagem":{"fullsize":{"url":"https:\/\/portalv1.com.br\/app\/wp-content\/uploads\/2024\/09\/luz.jpg","width":760,"height":455},"medium":{"url":"https:\/\/portalv1.com.br\/app\/wp-content\/uploads\/2024\/09\/luz-300x180.jpg","width":300,"height":180},"large":{"url":"https:\/\/portalv1.com.br\/app\/wp-content\/uploads\/2024\/09\/luz-640x383.jpg","width":640,"height":383},"thumbnail":{"url":"https:\/\/portalv1.com.br\/app\/wp-content\/uploads\/2024\/09\/luz-100x100.jpg","width":100,"height":100}},"data":{"simple":"29\/09\/2024","date_time":"29\/09\/2024 08:38:46","date":"h\u00e1 2 anos"},"chapeu":"Ag\u00eancia Nacional de Energia El\u00e9trica","source":"slide"},"_links":{"self":[{"href":"https:\/\/portalv1.com.br\/api\/wp\/v2\/posts\/219711","targetHints":{"allow":["GET"]}}],"collection":[{"href":"https:\/\/portalv1.com.br\/api\/wp\/v2\/posts"}],"about":[{"href":"https:\/\/portalv1.com.br\/api\/wp\/v2\/types\/post"}],"author":[{"embeddable":true,"href":"https:\/\/portalv1.com.br\/api\/wp\/v2\/users\/1"}],"replies":[{"embeddable":true,"href":"https:\/\/portalv1.com.br\/api\/wp\/v2\/comments?post=219711"}],"version-history":[{"count":0,"href":"https:\/\/portalv1.com.br\/api\/wp\/v2\/posts\/219711\/revisions"}],"wp:featuredmedia":[{"embeddable":true,"href":"https:\/\/portalv1.com.br\/api\/wp\/v2\/media\/219712"}],"wp:attachment":[{"href":"https:\/\/portalv1.com.br\/api\/wp\/v2\/media?parent=219711"}],"wp:term":[{"taxonomy":"category","embeddable":true,"href":"https:\/\/portalv1.com.br\/api\/wp\/v2\/categories?post=219711"},{"taxonomy":"post_tag","embeddable":true,"href":"https:\/\/portalv1.com.br\/api\/wp\/v2\/tags?post=219711"}],"curies":[{"name":"wp","href":"https:\/\/api.w.org\/{rel}","templated":true}]}}