{"id":219813,"date":"2024-09-30T17:43:11","date_gmt":"2024-09-30T20:43:11","guid":{"rendered":"https:\/\/portalv1.com.br\/?p=219813"},"modified":"2024-09-30T22:48:24","modified_gmt":"2024-10-01T01:48:24","slug":"219813-2","status":"publish","type":"post","link":"https:\/\/portalv1.com.br\/219813-2\/","title":{"rendered":"Secret\u00e1rio de Governo de Valen\u00e7a esclarece situa\u00e7\u00e3o dos precat\u00f3rios do munic\u00edpio"},"content":{"rendered":"<p>Nesta segunda-feira (30), um grupo de pessoas se reuniu em frente \u00e0 sede do Poder Executivo de Valen\u00e7a do Piau\u00ed, pedindo que o munic\u00edpio pague o recurso dos precat\u00f3rios. Em resposta ao ato, o secret\u00e1rio de Governo, Dr. Jos\u00e9 Itamar, esclareceu a situa\u00e7\u00e3o e os motivos pelos quais o recurso ainda n\u00e3o pode ser pago, assim como informou que j\u00e1 esteve reunido com os manifestantes.<\/p>\n<p>\u201cEles estiveram aqui conosco por ocasi\u00e3o de uma reuni\u00e3o que eu promovi quando cheguei de Teresina, quando estive no escrit\u00f3rio que est\u00e1 tomando conta desse processo e fiz uma reuni\u00e3o com todos eles e esclareci sobre essa situa\u00e7\u00e3o\u201d, disse o secret\u00e1rio, que informou sobre as porcentagens.<\/p>\n<p>&#8220;60% desse recurso s\u00e3o destinados aos benefici\u00e1rios do precat\u00f3rio e 40% est\u00e1 destinado ao munic\u00edpio, essa a\u00e7\u00e3o \u00e9 desde 2016, ainda n\u00e3o era na nossa gest\u00e3o, esse pessoal entrou com advogado para cobrar do munic\u00edpio esses precat\u00f3rios quando tivesse disponibilizado na conta do munic\u00edpio, s\u00f3 que essa conta que tem aqui est\u00e1 judicializada e bloqueada e n\u00e3o depende do munic\u00edpio sua libera\u00e7\u00e3o, por isso ainda n\u00e3o foi pago\u201d, esclareceu.<\/p>\n<p>Ele explicou que a a\u00e7\u00e3o em discuss\u00e3o \u00e9 autoria do munic\u00edpio e n\u00e3o o contr\u00e1rio. &#8220;O autor dessa a\u00e7\u00e3o \u00e9 o munic\u00edpio de Valen\u00e7a do Piau\u00ed e quem \u00e9 r\u00e9u nessa a\u00e7\u00e3o \u00e9 o Minist\u00e9rio da Fazenda, essa a\u00e7\u00e3o est\u00e1 no Tribunal Regional Federal da Primeira Regi\u00e3o em Bras\u00edlia, na 2\u00b0 Vara {processos 01723463720234019198 e 01607636520174019198]&#8221;.<\/p>\n<p>Dr. Itamar acrescentou que, &#8220;Na realidade, esse pessoal est\u00e1 sabendo que esses recursos n\u00e3o est\u00e3o disponibilizados para que possamos pagar, se dependesse da prefeitura esses recursos j\u00e1 estariam pagos h\u00e1 muito tempo porque 30% desse valor \u00e9 do munic\u00edpio\u201d, pontuou.<\/p>\n<p>Por fim, Dr. Itamar informou que o munic\u00edpio j\u00e1 tem se movimentado para solucionar a quest\u00e3o. &#8220;O munic\u00edpio j\u00e1 se encarregou disso, j\u00e1 estivemos em Teresina, eu juntamente com o prefeito e o procurador do munic\u00edpio, e fizemos gesto no sentido do mais breve poss\u00edvel liberado esses recursos para conta do munic\u00edpio. E a\u00ed ent\u00e3o sim quando tivermos acesso a conta iremos pagar porque como falei temos todo o interesse por conta dos servidores e do mun\u00edcipio tamb\u00e9m.\u201d<a href=\"https:\/\/portalv1.com.br\/app\/wp-content\/uploads\/2024\/09\/20231225104353_IMG_1822-Copy.jpg\"><img loading=\"lazy\" decoding=\"async\" class=\"aligncenter size-large wp-image-219815\" src=\"https:\/\/portalv1.com.br\/app\/wp-content\/uploads\/2024\/09\/20231225104353_IMG_1822-Copy-640x360.jpg\" alt=\"\" width=\"600\" height=\"338\" srcset=\"https:\/\/portalv1.com.br\/app\/wp-content\/uploads\/2024\/09\/20231225104353_IMG_1822-Copy-640x360.jpg 640w, https:\/\/portalv1.com.br\/app\/wp-content\/uploads\/2024\/09\/20231225104353_IMG_1822-Copy-300x169.jpg 300w, https:\/\/portalv1.com.br\/app\/wp-content\/uploads\/2024\/09\/20231225104353_IMG_1822-Copy-768x432.jpg 768w, https:\/\/portalv1.com.br\/app\/wp-content\/uploads\/2024\/09\/20231225104353_IMG_1822-Copy-1536x864.jpg 1536w, https:\/\/portalv1.com.br\/app\/wp-content\/uploads\/2024\/09\/20231225104353_IMG_1822-Copy.jpg 1920w\" sizes=\"auto, (max-width: 600px) 100vw, 600px\" \/><\/a><\/p>\n<p><a href=\"https:\/\/portalv1.com.br\/app\/wp-content\/uploads\/2024\/09\/WhatsApp-Image-2024-09-30-at-17.32.31.jpeg\"><img loading=\"lazy\" decoding=\"async\" class=\"aligncenter size-large wp-image-219814\" src=\"https:\/\/portalv1.com.br\/app\/wp-content\/uploads\/2024\/09\/WhatsApp-Image-2024-09-30-at-17.32.31-640x744.jpeg\" alt=\"\" width=\"600\" height=\"698\" srcset=\"https:\/\/portalv1.com.br\/app\/wp-content\/uploads\/2024\/09\/WhatsApp-Image-2024-09-30-at-17.32.31-640x744.jpeg 640w, https:\/\/portalv1.com.br\/app\/wp-content\/uploads\/2024\/09\/WhatsApp-Image-2024-09-30-at-17.32.31-300x349.jpeg 300w, https:\/\/portalv1.com.br\/app\/wp-content\/uploads\/2024\/09\/WhatsApp-Image-2024-09-30-at-17.32.31-768x892.jpeg 768w, https:\/\/portalv1.com.br\/app\/wp-content\/uploads\/2024\/09\/WhatsApp-Image-2024-09-30-at-17.32.31.jpeg 1080w\" sizes=\"auto, (max-width: 600px) 100vw, 600px\" \/><\/a><\/p>\n","protected":false},"excerpt":{"rendered":"<p>Nesta segunda-feira (30), um grupo de pessoas se reuniu em frente \u00e0 sede do Poder Executivo de Valen\u00e7a do Piau\u00ed, pedindo que o munic\u00edpio pague o recurso dos precat\u00f3rios. Em&#8230;<\/p>\n","protected":false},"author":1,"featured_media":219815,"comment_status":"open","ping_status":"open","sticky":false,"template":"","format":"standard","meta":{"ngg_post_thumbnail":0,"footnotes":""},"categories":[243],"tags":[],"class_list":["post-219813","post","type-post","status-publish","format-standard","has-post-thumbnail","hentry","category-geral"],"views":2073,"meta_data":{"thumb":"https:\/\/portalv1.com.br\/app\/wp-content\/uploads\/2024\/09\/20231225104353_IMG_1822-Copy.jpg","imagem":{"fullsize":{"url":"https:\/\/portalv1.com.br\/app\/wp-content\/uploads\/2024\/09\/20231225104353_IMG_1822-Copy.jpg","width":1920,"height":1080},"medium":{"url":"https:\/\/portalv1.com.br\/app\/wp-content\/uploads\/2024\/09\/20231225104353_IMG_1822-Copy-300x169.jpg","width":300,"height":169},"large":{"url":"https:\/\/portalv1.com.br\/app\/wp-content\/uploads\/2024\/09\/20231225104353_IMG_1822-Copy-640x360.jpg","width":640,"height":360},"thumbnail":{"url":"https:\/\/portalv1.com.br\/app\/wp-content\/uploads\/2024\/09\/20231225104353_IMG_1822-Copy-100x100.jpg","width":100,"height":100},"medium_large":{"url":"https:\/\/portalv1.com.br\/app\/wp-content\/uploads\/2024\/09\/20231225104353_IMG_1822-Copy-768x432.jpg","width":768,"height":432},"1536x1536":{"url":"https:\/\/portalv1.com.br\/app\/wp-content\/uploads\/2024\/09\/20231225104353_IMG_1822-Copy-1536x864.jpg","width":1536,"height":864}},"data":{"simple":"30\/09\/2024","date_time":"30\/09\/2024 14:43:11","date":"h\u00e1 2 anos"},"chapeu":"Veja detalhes ","source":"slide"},"_links":{"self":[{"href":"https:\/\/portalv1.com.br\/api\/wp\/v2\/posts\/219813","targetHints":{"allow":["GET"]}}],"collection":[{"href":"https:\/\/portalv1.com.br\/api\/wp\/v2\/posts"}],"about":[{"href":"https:\/\/portalv1.com.br\/api\/wp\/v2\/types\/post"}],"author":[{"embeddable":true,"href":"https:\/\/portalv1.com.br\/api\/wp\/v2\/users\/1"}],"replies":[{"embeddable":true,"href":"https:\/\/portalv1.com.br\/api\/wp\/v2\/comments?post=219813"}],"version-history":[{"count":0,"href":"https:\/\/portalv1.com.br\/api\/wp\/v2\/posts\/219813\/revisions"}],"wp:featuredmedia":[{"embeddable":true,"href":"https:\/\/portalv1.com.br\/api\/wp\/v2\/media\/219815"}],"wp:attachment":[{"href":"https:\/\/portalv1.com.br\/api\/wp\/v2\/media?parent=219813"}],"wp:term":[{"taxonomy":"category","embeddable":true,"href":"https:\/\/portalv1.com.br\/api\/wp\/v2\/categories?post=219813"},{"taxonomy":"post_tag","embeddable":true,"href":"https:\/\/portalv1.com.br\/api\/wp\/v2\/tags?post=219813"}],"curies":[{"name":"wp","href":"https:\/\/api.w.org\/{rel}","templated":true}]}}