{"id":219849,"date":"2024-10-02T11:59:33","date_gmt":"2024-10-02T14:59:33","guid":{"rendered":"https:\/\/portalv1.com.br\/?p=219849"},"modified":"2024-10-02T11:59:33","modified_gmt":"2024-10-02T14:59:33","slug":"clinica-integrar-de-valenca-do-piaui-celebra-o-dia-das-criancas-com-evento-especial","status":"publish","type":"post","link":"https:\/\/portalv1.com.br\/clinica-integrar-de-valenca-do-piaui-celebra-o-dia-das-criancas-com-evento-especial\/","title":{"rendered":"Cl\u00ednica Integrar de Valen\u00e7a do Piau\u00ed celebra o Dia das Crian\u00e7as com evento especial"},"content":{"rendered":"<p>No pr\u00f3ximo dia 5 de outubro, a Cl\u00ednica Integrar de Valen\u00e7a do Piau\u00ed promover\u00e1 uma manh\u00e3 de lazer em celebra\u00e7\u00e3o ao Dia das Crian\u00e7as, destinada \u00e0s crian\u00e7as atendidas pela institui\u00e7\u00e3o e suas fam\u00edlias. O evento acontecer\u00e1 na AABB e promete ser um momento de intera\u00e7\u00e3o e divers\u00e3o para as crian\u00e7as com autismo.<\/p>\n<p>Os participantes poder\u00e3o desfrutar de lanches, brincadeiras e diversas atividades recreativas. Essa iniciativa busca fortalecer os la\u00e7os familiares e proporcionar um ambiente acolhedor e alegre, promovendo a inclus\u00e3o e a intera\u00e7\u00e3o social. A Cl\u00ednica Integrar reafirma seu compromisso com o bem-estar das crian\u00e7as e de suas fam\u00edlias, tornando este dia uma data inesquec\u00edvel. <a href=\"https:\/\/portalv1.com.br\/app\/wp-content\/uploads\/2024\/10\/WhatsApp-Image-2024-10-02-at-11.57.55.jpeg\"><img loading=\"lazy\" decoding=\"async\" class=\"aligncenter size-full wp-image-219850\" src=\"https:\/\/portalv1.com.br\/app\/wp-content\/uploads\/2024\/10\/WhatsApp-Image-2024-10-02-at-11.57.55.jpeg\" alt=\"\" width=\"591\" height=\"1042\" srcset=\"https:\/\/portalv1.com.br\/app\/wp-content\/uploads\/2024\/10\/WhatsApp-Image-2024-10-02-at-11.57.55.jpeg 591w, https:\/\/portalv1.com.br\/app\/wp-content\/uploads\/2024\/10\/WhatsApp-Image-2024-10-02-at-11.57.55-300x529.jpeg 300w\" sizes=\"auto, (max-width: 591px) 100vw, 591px\" \/><\/a><\/p>\n","protected":false},"excerpt":{"rendered":"<p>No pr\u00f3ximo dia 5 de outubro, a Cl\u00ednica Integrar de Valen\u00e7a do Piau\u00ed promover\u00e1 uma manh\u00e3 de lazer em celebra\u00e7\u00e3o ao Dia das Crian\u00e7as, destinada \u00e0s crian\u00e7as atendidas pela institui\u00e7\u00e3o&#8230;<\/p>\n","protected":false},"author":1,"featured_media":219851,"comment_status":"open","ping_status":"open","sticky":false,"template":"","format":"standard","meta":{"ngg_post_thumbnail":0,"footnotes":""},"categories":[243],"tags":[],"class_list":["post-219849","post","type-post","status-publish","format-standard","has-post-thumbnail","hentry","category-geral"],"views":182,"meta_data":{"thumb":"https:\/\/portalv1.com.br\/app\/wp-content\/uploads\/2024\/10\/WhatsApp-Image-2024-10-02-at-11.58.20.jpeg","imagem":{"fullsize":{"url":"https:\/\/portalv1.com.br\/app\/wp-content\/uploads\/2024\/10\/WhatsApp-Image-2024-10-02-at-11.58.20.jpeg","width":591,"height":462},"medium":{"url":"https:\/\/portalv1.com.br\/app\/wp-content\/uploads\/2024\/10\/WhatsApp-Image-2024-10-02-at-11.58.20-300x235.jpeg","width":300,"height":235},"thumbnail":{"url":"https:\/\/portalv1.com.br\/app\/wp-content\/uploads\/2024\/10\/WhatsApp-Image-2024-10-02-at-11.58.20-100x100.jpeg","width":100,"height":100}},"data":{"simple":"02\/10\/2024","date_time":"02\/10\/2024 08:59:33","date":"h\u00e1 2 anos"},"chapeu":"Saiba mais","source":"slide"},"_links":{"self":[{"href":"https:\/\/portalv1.com.br\/api\/wp\/v2\/posts\/219849","targetHints":{"allow":["GET"]}}],"collection":[{"href":"https:\/\/portalv1.com.br\/api\/wp\/v2\/posts"}],"about":[{"href":"https:\/\/portalv1.com.br\/api\/wp\/v2\/types\/post"}],"author":[{"embeddable":true,"href":"https:\/\/portalv1.com.br\/api\/wp\/v2\/users\/1"}],"replies":[{"embeddable":true,"href":"https:\/\/portalv1.com.br\/api\/wp\/v2\/comments?post=219849"}],"version-history":[{"count":0,"href":"https:\/\/portalv1.com.br\/api\/wp\/v2\/posts\/219849\/revisions"}],"wp:featuredmedia":[{"embeddable":true,"href":"https:\/\/portalv1.com.br\/api\/wp\/v2\/media\/219851"}],"wp:attachment":[{"href":"https:\/\/portalv1.com.br\/api\/wp\/v2\/media?parent=219849"}],"wp:term":[{"taxonomy":"category","embeddable":true,"href":"https:\/\/portalv1.com.br\/api\/wp\/v2\/categories?post=219849"},{"taxonomy":"post_tag","embeddable":true,"href":"https:\/\/portalv1.com.br\/api\/wp\/v2\/tags?post=219849"}],"curies":[{"name":"wp","href":"https:\/\/api.w.org\/{rel}","templated":true}]}}