{"id":219855,"date":"2024-10-02T16:25:49","date_gmt":"2024-10-02T19:25:49","guid":{"rendered":"https:\/\/portalv1.com.br\/?p=219855"},"modified":"2024-10-03T10:58:40","modified_gmt":"2024-10-03T13:58:40","slug":"policia-militar-organiza-envio-de-tropas-que-reforcarao-a-seguranca-nas-eleicoes-no-domingo","status":"publish","type":"post","link":"https:\/\/portalv1.com.br\/policia-militar-organiza-envio-de-tropas-que-reforcarao-a-seguranca-nas-eleicoes-no-domingo\/","title":{"rendered":"PM organiza envio de tropas para cobrir elei\u00e7\u00f5es e batalh\u00e3o de Valen\u00e7a ser\u00e1 refor\u00e7ado"},"content":{"rendered":"<div>\n<p>A Pol\u00edcia Militar do Piau\u00ed realizou, na manh\u00e3 desta quarta-feira (02), a \u00faltima reuni\u00e3o de alinhamento para o envio das tropas que ser\u00e3o empregadas na seguran\u00e7a das elei\u00e7\u00f5es municipais de 2024 pelo estado. O encontro definiu as rotas, hor\u00e1rios e estrat\u00e9gias para os embarques das equipes, que ocorrer\u00e1 de pelo menos 5 pontos de Teresina a partir das 7h de amanh\u00e3.&nbsp;<\/p>\n<p>Cerca de 6.500 policiais militares ser\u00e3o mobilizados para atuar no policiamento que cobrir\u00e1 os 3.560 locais de vota\u00e7\u00e3o distribu\u00eddos por todo o estado. Al\u00e9m disso, para a tomada de decis\u00f5es e monitoramento das zonas eleitorais, representantes de todas as for\u00e7as de seguran\u00e7a estar\u00e3o reunidos durante todo o domingo (06) no Quartel do Comando-Geral em um Centro Integrado.<\/p>\n<p>De acordo com o comandante do 23\u00ba Batalh\u00e3o de Valen\u00e7a, tenente coronel Jairo Oliveira, cerca de 42 policiais refor\u00e7ar\u00e3o a seguran\u00e7a nas cidades jurisdicionadas ao batalh\u00e3o de Valen\u00e7a.<\/p>\n<p>\u201cSer\u00e3o movimentados 17 PMs dentro da \u00e1rea do 23\u00ba BPM e dever\u00e3o vir 42 PMs de Teresina. Essas movimenta\u00e7\u00f5es visam a possibilitar a termos pelo menos um PM em cada local de vota\u00e7\u00e3o\u201d disse o comandante que tamb\u00e9m informou.<\/p>\n<p>\u201cAl\u00e9m desse refor\u00e7o, a opera\u00e7\u00e3o Elei\u00e7\u00f5es na \u00e1rea do 23\u00ba BPM dever\u00e1 ser comandada por um Oficial do \u00faltimo posto, Coronel, o qual vir\u00e1 a Valen\u00e7a com uma equipe motorizada. Essas viaturas oriundas de Teresina, ser\u00e3o empregadas, a priori, no refor\u00e7o do policiamento em Valen\u00e7a e Elesb\u00e3o Veloso\u201d. Os militares devem chegar nesta quinta-feira, 3 de outubro.<\/p>\n<\/div>\n<div><a href=\"https:\/\/portalv1.com.br\/app\/wp-content\/uploads\/2024\/10\/21663643-7d1c-4bdf-bc8d-55fd657d9a4d-Copy.jpg\"><img loading=\"lazy\" decoding=\"async\" class=\"aligncenter size-large wp-image-219856\" src=\"https:\/\/portalv1.com.br\/app\/wp-content\/uploads\/2024\/10\/21663643-7d1c-4bdf-bc8d-55fd657d9a4d-Copy-640x360.jpg\" alt=\"\" width=\"600\" height=\"338\" srcset=\"https:\/\/portalv1.com.br\/app\/wp-content\/uploads\/2024\/10\/21663643-7d1c-4bdf-bc8d-55fd657d9a4d-Copy-640x360.jpg 640w, https:\/\/portalv1.com.br\/app\/wp-content\/uploads\/2024\/10\/21663643-7d1c-4bdf-bc8d-55fd657d9a4d-Copy-300x169.jpg 300w, https:\/\/portalv1.com.br\/app\/wp-content\/uploads\/2024\/10\/21663643-7d1c-4bdf-bc8d-55fd657d9a4d-Copy-768x432.jpg 768w, https:\/\/portalv1.com.br\/app\/wp-content\/uploads\/2024\/10\/21663643-7d1c-4bdf-bc8d-55fd657d9a4d-Copy.jpg 1024w\" sizes=\"auto, (max-width: 600px) 100vw, 600px\" \/><\/a><\/div>\n<div>&nbsp;<\/div>\n","protected":false},"excerpt":{"rendered":"<p>A Pol\u00edcia Militar do Piau\u00ed realizou, na manh\u00e3 desta quarta-feira (02), a \u00faltima reuni\u00e3o de alinhamento para o envio das tropas que ser\u00e3o empregadas na seguran\u00e7a das elei\u00e7\u00f5es municipais de&#8230;<\/p>\n","protected":false},"author":1,"featured_media":219856,"comment_status":"open","ping_status":"open","sticky":false,"template":"","format":"standard","meta":{"ngg_post_thumbnail":0,"footnotes":""},"categories":[243],"tags":[],"class_list":["post-219855","post","type-post","status-publish","format-standard","has-post-thumbnail","hentry","category-geral"],"views":209,"meta_data":{"thumb":"https:\/\/portalv1.com.br\/app\/wp-content\/uploads\/2024\/10\/21663643-7d1c-4bdf-bc8d-55fd657d9a4d-Copy.jpg","imagem":{"fullsize":{"url":"https:\/\/portalv1.com.br\/app\/wp-content\/uploads\/2024\/10\/21663643-7d1c-4bdf-bc8d-55fd657d9a4d-Copy.jpg","width":1024,"height":576},"medium":{"url":"https:\/\/portalv1.com.br\/app\/wp-content\/uploads\/2024\/10\/21663643-7d1c-4bdf-bc8d-55fd657d9a4d-Copy-300x169.jpg","width":300,"height":169},"large":{"url":"https:\/\/portalv1.com.br\/app\/wp-content\/uploads\/2024\/10\/21663643-7d1c-4bdf-bc8d-55fd657d9a4d-Copy-640x360.jpg","width":640,"height":360},"thumbnail":{"url":"https:\/\/portalv1.com.br\/app\/wp-content\/uploads\/2024\/10\/21663643-7d1c-4bdf-bc8d-55fd657d9a4d-Copy-100x100.jpg","width":100,"height":100},"medium_large":{"url":"https:\/\/portalv1.com.br\/app\/wp-content\/uploads\/2024\/10\/21663643-7d1c-4bdf-bc8d-55fd657d9a4d-Copy-768x432.jpg","width":768,"height":432}},"data":{"simple":"02\/10\/2024","date_time":"02\/10\/2024 13:25:49","date":"h\u00e1 2 anos"},"chapeu":"Elie\u00e7\u00f5es 2024","source":"m_destacada"},"_links":{"self":[{"href":"https:\/\/portalv1.com.br\/api\/wp\/v2\/posts\/219855","targetHints":{"allow":["GET"]}}],"collection":[{"href":"https:\/\/portalv1.com.br\/api\/wp\/v2\/posts"}],"about":[{"href":"https:\/\/portalv1.com.br\/api\/wp\/v2\/types\/post"}],"author":[{"embeddable":true,"href":"https:\/\/portalv1.com.br\/api\/wp\/v2\/users\/1"}],"replies":[{"embeddable":true,"href":"https:\/\/portalv1.com.br\/api\/wp\/v2\/comments?post=219855"}],"version-history":[{"count":0,"href":"https:\/\/portalv1.com.br\/api\/wp\/v2\/posts\/219855\/revisions"}],"wp:featuredmedia":[{"embeddable":true,"href":"https:\/\/portalv1.com.br\/api\/wp\/v2\/media\/219856"}],"wp:attachment":[{"href":"https:\/\/portalv1.com.br\/api\/wp\/v2\/media?parent=219855"}],"wp:term":[{"taxonomy":"category","embeddable":true,"href":"https:\/\/portalv1.com.br\/api\/wp\/v2\/categories?post=219855"},{"taxonomy":"post_tag","embeddable":true,"href":"https:\/\/portalv1.com.br\/api\/wp\/v2\/tags?post=219855"}],"curies":[{"name":"wp","href":"https:\/\/api.w.org\/{rel}","templated":true}]}}