{"id":22001,"date":"2015-10-16T23:08:30","date_gmt":"2015-10-17T02:08:30","guid":{"rendered":"https:\/\/portalv1.com.br\/?p=22001"},"modified":"2015-10-16T23:08:30","modified_gmt":"2015-10-17T02:08:30","slug":"dia-da-crianca-e-comemorado-no-hospital-regional-de-valenca","status":"publish","type":"post","link":"https:\/\/portalv1.com.br\/dia-da-crianca-e-comemorado-no-hospital-regional-de-valenca\/","title":{"rendered":"Dia da Crian\u00e7a \u00e9 comemorado no hospital regional de Valen\u00e7a"},"content":{"rendered":"<p>O setor de terapia ocupacional do Hospital Regional Eust\u00e1quio Portela coordenada pela terapeuta ocupacional Luciana Martins organizou uma bela homenagem com os pacientes da terapia e da fisioterapia do hospital.<\/p>\n<p>A organiza\u00e7\u00e3o teve o apoio de empresas como a Consulplan, Contabilidade Barbosa, Deumtudo, A Barrigudinha, Geane Vieira e Rubens Alencar que contribu\u00edram com presentes para a crian\u00e7ada.<\/p>\n<p>Luciana Martins agradeceu aos colaboradores e a dire\u00e7\u00e3o do hospital pela colabora\u00e7\u00e3o que fez a alegria da crian\u00e7ada que est\u00e3o em tratamento.<\/p>\n<p>\u201cA comemora\u00e7\u00e3o serviu n\u00e3o s\u00f3 para comemorar o dia das crian\u00e7as mais tamb\u00e9m para amenizar o clima de reabilita\u00e7\u00e3o do qual as crian\u00e7as est\u00e3o inseridas pelas suas limita\u00e7\u00f5es e proporcionar um ambiente mais l\u00fadico e alegre\u201d afirmou.<\/p>\n<p>&nbsp;<\/p>\n<p>&nbsp;<\/p>\n<p><strong><div class=\"ngg-galleryoverview\" data-widget=\"Galeria\" data-props='{&quot;galeria&quot;:{&quot;gallery_id&quot;:1957,&quot;total&quot;:7,&quot;max_page&quot;:1,&quot;page&quot;:1,&quot;images&quot;:[{&quot;pid&quot;:41435,&quot;imageURL&quot;:&quot;https:\\\/\\\/portalv1.com.br\\\/app\\\/wp-content\\\/gallery\\\/luciana\\\/20151014_091858-copy.jpg&quot;,&quot;thumbnailURL&quot;:&quot;https:\\\/\\\/portalv1.com.br\\\/app\\\/wp-content\\\/gallery\\\/luciana\\\/thumbs\\\/thumbs_20151014_091858-copy.jpg&quot;,&quot;description&quot;:&quot; &quot;,&quot;alttext&quot;:&quot;20151014_091858-copy&quot;,&quot;style&quot;:&quot;&quot;},{&quot;pid&quot;:41436,&quot;imageURL&quot;:&quot;https:\\\/\\\/portalv1.com.br\\\/app\\\/wp-content\\\/gallery\\\/luciana\\\/20151014_091927-copy.jpg&quot;,&quot;thumbnailURL&quot;:&quot;https:\\\/\\\/portalv1.com.br\\\/app\\\/wp-content\\\/gallery\\\/luciana\\\/thumbs\\\/thumbs_20151014_091927-copy.jpg&quot;,&quot;description&quot;:&quot; &quot;,&quot;alttext&quot;:&quot;20151014_091927-copy&quot;,&quot;style&quot;:&quot;&quot;},{&quot;pid&quot;:41437,&quot;imageURL&quot;:&quot;https:\\\/\\\/portalv1.com.br\\\/app\\\/wp-content\\\/gallery\\\/luciana\\\/20151014_091947-copy.jpg&quot;,&quot;thumbnailURL&quot;:&quot;https:\\\/\\\/portalv1.com.br\\\/app\\\/wp-content\\\/gallery\\\/luciana\\\/thumbs\\\/thumbs_20151014_091947-copy.jpg&quot;,&quot;description&quot;:&quot; &quot;,&quot;alttext&quot;:&quot;20151014_091947-copy&quot;,&quot;style&quot;:&quot;&quot;},{&quot;pid&quot;:41438,&quot;imageURL&quot;:&quot;https:\\\/\\\/portalv1.com.br\\\/app\\\/wp-content\\\/gallery\\\/luciana\\\/20151014_092024-copy.jpg&quot;,&quot;thumbnailURL&quot;:&quot;https:\\\/\\\/portalv1.com.br\\\/app\\\/wp-content\\\/gallery\\\/luciana\\\/thumbs\\\/thumbs_20151014_092024-copy.jpg&quot;,&quot;description&quot;:&quot; &quot;,&quot;alttext&quot;:&quot;20151014_092024-copy&quot;,&quot;style&quot;:&quot;&quot;},{&quot;pid&quot;:41439,&quot;imageURL&quot;:&quot;https:\\\/\\\/portalv1.com.br\\\/app\\\/wp-content\\\/gallery\\\/luciana\\\/20151014_092057-copy.jpg&quot;,&quot;thumbnailURL&quot;:&quot;https:\\\/\\\/portalv1.com.br\\\/app\\\/wp-content\\\/gallery\\\/luciana\\\/thumbs\\\/thumbs_20151014_092057-copy.jpg&quot;,&quot;description&quot;:&quot; &quot;,&quot;alttext&quot;:&quot;20151014_092057-copy&quot;,&quot;style&quot;:&quot;&quot;},{&quot;pid&quot;:41440,&quot;imageURL&quot;:&quot;https:\\\/\\\/portalv1.com.br\\\/app\\\/wp-content\\\/gallery\\\/luciana\\\/20151014_092120-copy.jpg&quot;,&quot;thumbnailURL&quot;:&quot;https:\\\/\\\/portalv1.com.br\\\/app\\\/wp-content\\\/gallery\\\/luciana\\\/thumbs\\\/thumbs_20151014_092120-copy.jpg&quot;,&quot;description&quot;:&quot; &quot;,&quot;alttext&quot;:&quot;20151014_092120-copy&quot;,&quot;style&quot;:&quot;&quot;},{&quot;pid&quot;:41441,&quot;imageURL&quot;:&quot;https:\\\/\\\/portalv1.com.br\\\/app\\\/wp-content\\\/gallery\\\/luciana\\\/20151014_092157-copy.jpg&quot;,&quot;thumbnailURL&quot;:&quot;https:\\\/\\\/portalv1.com.br\\\/app\\\/wp-content\\\/gallery\\\/luciana\\\/thumbs\\\/thumbs_20151014_092157-copy.jpg&quot;,&quot;description&quot;:&quot; &quot;,&quot;alttext&quot;:&quot;20151014_092157-copy&quot;,&quot;style&quot;:&quot;&quot;}]}}'><\/div><\/strong>.<\/p>\n","protected":false},"excerpt":{"rendered":"<p>O setor de terapia ocupacional do Hospital Regional Eust\u00e1quio Portela coordenada pela terapeuta ocupacional Luciana Martins organizou uma bela homenagem com os pacientes da terapia e da fisioterapia do hospital&#8230;.<\/p>\n","protected":false},"author":1,"featured_media":22002,"comment_status":"open","ping_status":"open","sticky":false,"template":"","format":"standard","meta":{"ngg_post_thumbnail":0,"footnotes":""},"categories":[12],"tags":[],"class_list":["post-22001","post","type-post","status-publish","format-standard","has-post-thumbnail","hentry","category-valenca-news"],"views":554,"meta_data":{"thumb":"https:\/\/portalv1.com.br\/app\/wp-content\/uploads\/2015\/10\/20151014_091947-Copy.jpg","imagem":{"fullsize":{"url":"https:\/\/portalv1.com.br\/app\/wp-content\/uploads\/2015\/10\/20151014_091947-Copy.jpg","width":640,"height":360},"thumbnail":{"url":"https:\/\/portalv1.com.br\/app\/wp-content\/uploads\/2015\/10\/20151014_091947-Copy-100x100.jpg","width":100,"height":100},"medium":{"url":"https:\/\/portalv1.com.br\/app\/wp-content\/uploads\/2015\/10\/20151014_091947-Copy-300x169.jpg","width":300,"height":169},"large":{"url":"https:\/\/portalv1.com.br\/app\/wp-content\/uploads\/2015\/10\/20151014_091947-Copy-640x360.jpg","width":640,"height":360}},"data":{"simple":"16\/10\/2015","date_time":"16\/10\/2015 20:08:30","date":"h\u00e1 11 anos"},"chapeu":"Dia de alegria","source":"slide"},"_links":{"self":[{"href":"https:\/\/portalv1.com.br\/api\/wp\/v2\/posts\/22001","targetHints":{"allow":["GET"]}}],"collection":[{"href":"https:\/\/portalv1.com.br\/api\/wp\/v2\/posts"}],"about":[{"href":"https:\/\/portalv1.com.br\/api\/wp\/v2\/types\/post"}],"author":[{"embeddable":true,"href":"https:\/\/portalv1.com.br\/api\/wp\/v2\/users\/1"}],"replies":[{"embeddable":true,"href":"https:\/\/portalv1.com.br\/api\/wp\/v2\/comments?post=22001"}],"version-history":[{"count":0,"href":"https:\/\/portalv1.com.br\/api\/wp\/v2\/posts\/22001\/revisions"}],"wp:featuredmedia":[{"embeddable":true,"href":"https:\/\/portalv1.com.br\/api\/wp\/v2\/media\/22002"}],"wp:attachment":[{"href":"https:\/\/portalv1.com.br\/api\/wp\/v2\/media?parent=22001"}],"wp:term":[{"taxonomy":"category","embeddable":true,"href":"https:\/\/portalv1.com.br\/api\/wp\/v2\/categories?post=22001"},{"taxonomy":"post_tag","embeddable":true,"href":"https:\/\/portalv1.com.br\/api\/wp\/v2\/tags?post=22001"}],"curies":[{"name":"wp","href":"https:\/\/api.w.org\/{rel}","templated":true}]}}