{"id":22011,"date":"2015-10-21T10:39:59","date_gmt":"2015-10-21T13:39:59","guid":{"rendered":"https:\/\/portalv1.com.br\/?p=22011"},"modified":"2015-10-30T22:30:16","modified_gmt":"2015-10-31T01:30:16","slug":"avioes-do-forro-desejo-de-menina-e-forro-dos-plays-dia-2312-em-valenca","status":"publish","type":"post","link":"https:\/\/portalv1.com.br\/avioes-do-forro-desejo-de-menina-e-forro-dos-plays-dia-2312-em-valenca\/","title":{"rendered":"Avi\u00f5es do Forr\u00f3, Desejo de Menina e Forr\u00f3 dos Plays dia 23\/12 em Valen\u00e7a"},"content":{"rendered":"<figure id=\"attachment_22012\" aria-describedby=\"caption-attachment-22012\" style=\"width: 550px\" class=\"wp-caption aligncenter\"><img loading=\"lazy\" decoding=\"async\" class=\"size-full wp-image-22012\" src=\"https:\/\/portalv1.com.br\/app\/wp-content\/uploads\/2015\/10\/avioes.jpg\" alt=\"Dia 23 de dezembro em Valen\u00e7a \" width=\"550\" height=\"550\" srcset=\"https:\/\/portalv1.com.br\/app\/wp-content\/uploads\/2015\/10\/avioes.jpg 550w, https:\/\/portalv1.com.br\/app\/wp-content\/uploads\/2015\/10\/avioes-100x100.jpg 100w, https:\/\/portalv1.com.br\/app\/wp-content\/uploads\/2015\/10\/avioes-300x300.jpg 300w\" sizes=\"auto, (max-width: 550px) 100vw, 550px\" \/><figcaption id=\"caption-attachment-22012\" class=\"wp-caption-text\">Dia 23 de dezembro em Valen\u00e7a<\/figcaption><\/figure>\n<p>A parte festiva da programa\u00e7\u00e3o do Festejo de Valen\u00e7a do Piau\u00ed desse ano j\u00e1 tem boas novidades para a na\u00e7\u00e3o forrozeira. Dia 23 de dezembro acontecer\u00e1 no est\u00e1dio municipal a festa dos 15 anos da FM Cidade.<\/p>\n<p>Esse ano a festa realizada sempre no dia 26 de dezembro mudou de data, mais se superou nas atra\u00e7\u00f5es musicais. Para 2015, a festa ter\u00e1 tr\u00eas atra\u00e7\u00f5es nacionais, o forr\u00f3 rom\u00e2ntico da banda Desejo de Menina, o peso e a vibra\u00e7\u00e3o do Forr\u00f3 dos Plays e Avi\u00f5es do Forr\u00f3, considerada a melhor banda de forr\u00f3 do pa\u00eds.<\/p>\n<p>Depois de confirmar os shows, os organizadores devem colocar a venda nos pr\u00f3ximos dias, o primeiro lote de ingressos do evento que promete ser uma das melhores festas dos \u00faltimos tempos na cidade.<\/p>\n","protected":false},"excerpt":{"rendered":"<p>A parte festiva da programa\u00e7\u00e3o do Festejo de Valen\u00e7a do Piau\u00ed desse ano j\u00e1 tem boas novidades para a na\u00e7\u00e3o forrozeira. Dia 23 de dezembro acontecer\u00e1 no est\u00e1dio municipal a&#8230;<\/p>\n","protected":false},"author":1,"featured_media":0,"comment_status":"open","ping_status":"open","sticky":false,"template":"","format":"standard","meta":{"ngg_post_thumbnail":0,"footnotes":""},"categories":[245,12],"tags":[],"class_list":["post-22011","post","type-post","status-publish","format-standard","hentry","category-entretenimento","category-valenca-news"],"views":1644,"meta_data":{"thumb":"https:\/\/portalv1.com.br\/app\/wp-content\/uploads\/2015\/10\/avioes.jpg","data":{"simple":"21\/10\/2015","date_time":"21\/10\/2015 07:39:59","date":"h\u00e1 11 anos"},"chapeu":"Est\u00e1dio Municipal ","source":"foto_menor"},"_links":{"self":[{"href":"https:\/\/portalv1.com.br\/api\/wp\/v2\/posts\/22011","targetHints":{"allow":["GET"]}}],"collection":[{"href":"https:\/\/portalv1.com.br\/api\/wp\/v2\/posts"}],"about":[{"href":"https:\/\/portalv1.com.br\/api\/wp\/v2\/types\/post"}],"author":[{"embeddable":true,"href":"https:\/\/portalv1.com.br\/api\/wp\/v2\/users\/1"}],"replies":[{"embeddable":true,"href":"https:\/\/portalv1.com.br\/api\/wp\/v2\/comments?post=22011"}],"version-history":[{"count":0,"href":"https:\/\/portalv1.com.br\/api\/wp\/v2\/posts\/22011\/revisions"}],"wp:attachment":[{"href":"https:\/\/portalv1.com.br\/api\/wp\/v2\/media?parent=22011"}],"wp:term":[{"taxonomy":"category","embeddable":true,"href":"https:\/\/portalv1.com.br\/api\/wp\/v2\/categories?post=22011"},{"taxonomy":"post_tag","embeddable":true,"href":"https:\/\/portalv1.com.br\/api\/wp\/v2\/tags?post=22011"}],"curies":[{"name":"wp","href":"https:\/\/api.w.org\/{rel}","templated":true}]}}