{"id":220218,"date":"2024-10-08T10:37:44","date_gmt":"2024-10-08T13:37:44","guid":{"rendered":"https:\/\/portalv1.com.br\/?p=220218"},"modified":"2024-10-08T10:37:44","modified_gmt":"2024-10-08T13:37:44","slug":"festa-do-divino-espirito-santo-de-valenca-do-piaui-tera-uma-mostra-no-teresina-shopping","status":"publish","type":"post","link":"https:\/\/portalv1.com.br\/festa-do-divino-espirito-santo-de-valenca-do-piaui-tera-uma-mostra-no-teresina-shopping\/","title":{"rendered":"Festa do Divino Esp\u00edrito Santo de Valen\u00e7a do Piau\u00ed ter\u00e1 uma mostra no Teresina Shopping"},"content":{"rendered":"<p>A Festa do Divino Esp\u00edrito Santo de Valen\u00e7a do Piau\u00ed, uma das maiores e mais tradicionais celebra\u00e7\u00f5es do estado, \u00e9 reconhecida como Patrim\u00f4nio Cultural e Imaterial do Piau\u00ed devido \u00e0 sua import\u00e2ncia no cen\u00e1rio religioso. Este evento se destaca por sua representatividade e profundidade cultural, atraindo fi\u00e9is e admiradores da tradi\u00e7\u00e3o.<\/p>\n<p>Entre os dias 15 e 22 de outubro, o Teresina Shopping sediar\u00e1 uma exposi\u00e7\u00e3o que promete encantar o p\u00fablico com uma mostra dos rituais e simbolismos da Festa. Os visitantes poder\u00e3o apreciar a coroa, os trajes do imperador e da imperatriz, a bandeira e outros paramentos e objetos utilizados durante as celebra\u00e7\u00f5es.<\/p>\n<p>A mostra \u00e9 organizada pelo condest\u00e1vel Dr. Jos\u00e9 Igreja de Paiva, membro da Confraria do Divino Esp\u00edrito Santo de Valen\u00e7a. A exposi\u00e7\u00e3o no Teresina Shopping oferece uma oportunidade \u00fanica para conhecer de perto essa manifesta\u00e7\u00e3o cultural e religiosa que tanto enriquece o patrim\u00f4nio do Piau\u00ed.<a href=\"https:\/\/portalv1.com.br\/app\/wp-content\/uploads\/2024\/10\/WhatsApp-Image-2024-10-07-at-20.57.06.jpeg\"><img loading=\"lazy\" decoding=\"async\" class=\"aligncenter size-large wp-image-220219\" src=\"https:\/\/portalv1.com.br\/app\/wp-content\/uploads\/2024\/10\/WhatsApp-Image-2024-10-07-at-20.57.06-640x542.jpeg\" alt=\"\" width=\"600\" height=\"508\" srcset=\"https:\/\/portalv1.com.br\/app\/wp-content\/uploads\/2024\/10\/WhatsApp-Image-2024-10-07-at-20.57.06-640x542.jpeg 640w, https:\/\/portalv1.com.br\/app\/wp-content\/uploads\/2024\/10\/WhatsApp-Image-2024-10-07-at-20.57.06-300x254.jpeg 300w, https:\/\/portalv1.com.br\/app\/wp-content\/uploads\/2024\/10\/WhatsApp-Image-2024-10-07-at-20.57.06-768x650.jpeg 768w, https:\/\/portalv1.com.br\/app\/wp-content\/uploads\/2024\/10\/WhatsApp-Image-2024-10-07-at-20.57.06-1536x1300.jpeg 1536w, https:\/\/portalv1.com.br\/app\/wp-content\/uploads\/2024\/10\/WhatsApp-Image-2024-10-07-at-20.57.06.jpeg 1600w\" sizes=\"auto, (max-width: 600px) 100vw, 600px\" \/><\/a><\/p>\n","protected":false},"excerpt":{"rendered":"<p>A Festa do Divino Esp\u00edrito Santo de Valen\u00e7a do Piau\u00ed, uma das maiores e mais tradicionais celebra\u00e7\u00f5es do estado, \u00e9 reconhecida como Patrim\u00f4nio Cultural e Imaterial do Piau\u00ed devido \u00e0&#8230;<\/p>\n","protected":false},"author":1,"featured_media":220220,"comment_status":"open","ping_status":"open","sticky":false,"template":"","format":"standard","meta":{"ngg_post_thumbnail":0,"footnotes":""},"categories":[243],"tags":[],"class_list":["post-220218","post","type-post","status-publish","format-standard","has-post-thumbnail","hentry","category-geral"],"views":528,"meta_data":{"thumb":"https:\/\/portalv1.com.br\/app\/wp-content\/uploads\/2024\/10\/20230531211848_IMG_8796-Copy.jpg","imagem":{"fullsize":{"url":"https:\/\/portalv1.com.br\/app\/wp-content\/uploads\/2024\/10\/20230531211848_IMG_8796-Copy.jpg","width":1024,"height":576},"medium":{"url":"https:\/\/portalv1.com.br\/app\/wp-content\/uploads\/2024\/10\/20230531211848_IMG_8796-Copy-300x169.jpg","width":300,"height":169},"large":{"url":"https:\/\/portalv1.com.br\/app\/wp-content\/uploads\/2024\/10\/20230531211848_IMG_8796-Copy-640x360.jpg","width":640,"height":360},"thumbnail":{"url":"https:\/\/portalv1.com.br\/app\/wp-content\/uploads\/2024\/10\/20230531211848_IMG_8796-Copy-100x100.jpg","width":100,"height":100},"medium_large":{"url":"https:\/\/portalv1.com.br\/app\/wp-content\/uploads\/2024\/10\/20230531211848_IMG_8796-Copy-768x432.jpg","width":768,"height":432}},"data":{"simple":"08\/10\/2024","date_time":"08\/10\/2024 07:37:44","date":"h\u00e1 2 anos"},"chapeu":"Saiba mais","source":"slide"},"_links":{"self":[{"href":"https:\/\/portalv1.com.br\/api\/wp\/v2\/posts\/220218","targetHints":{"allow":["GET"]}}],"collection":[{"href":"https:\/\/portalv1.com.br\/api\/wp\/v2\/posts"}],"about":[{"href":"https:\/\/portalv1.com.br\/api\/wp\/v2\/types\/post"}],"author":[{"embeddable":true,"href":"https:\/\/portalv1.com.br\/api\/wp\/v2\/users\/1"}],"replies":[{"embeddable":true,"href":"https:\/\/portalv1.com.br\/api\/wp\/v2\/comments?post=220218"}],"version-history":[{"count":0,"href":"https:\/\/portalv1.com.br\/api\/wp\/v2\/posts\/220218\/revisions"}],"wp:featuredmedia":[{"embeddable":true,"href":"https:\/\/portalv1.com.br\/api\/wp\/v2\/media\/220220"}],"wp:attachment":[{"href":"https:\/\/portalv1.com.br\/api\/wp\/v2\/media?parent=220218"}],"wp:term":[{"taxonomy":"category","embeddable":true,"href":"https:\/\/portalv1.com.br\/api\/wp\/v2\/categories?post=220218"},{"taxonomy":"post_tag","embeddable":true,"href":"https:\/\/portalv1.com.br\/api\/wp\/v2\/tags?post=220218"}],"curies":[{"name":"wp","href":"https:\/\/api.w.org\/{rel}","templated":true}]}}