{"id":220372,"date":"2024-10-12T08:42:33","date_gmt":"2024-10-12T11:42:33","guid":{"rendered":"https:\/\/portalv1.com.br\/?p=220372"},"modified":"2024-10-12T08:43:31","modified_gmt":"2024-10-12T11:43:31","slug":"rubens-alencar-fala-sobre-a-vitoria-e-os-planos-para-o-novo-mandato-do-prefeito-marcelo","status":"publish","type":"post","link":"https:\/\/portalv1.com.br\/rubens-alencar-fala-sobre-a-vitoria-e-os-planos-para-o-novo-mandato-do-prefeito-marcelo\/","title":{"rendered":"Rubens Alencar fala sobre a vit\u00f3ria e os planos para o novo mandato do prefeito Marcelo Costa"},"content":{"rendered":"<p>Em entrevista nesta sexta-feira (11), o vice-prefeito reeleito, Rubens Alencar, falou da sua vit\u00f3ria ao lado do prefeito Marcelo Costa. Rubens tamb\u00e9m abordou a perspectiva para esse novo mandato.<\/p>\n<p>O vice-prefeito, relatou um pouco da trajet\u00f3ria dele ao lado do prefeito Marcelo Costa que foram escolhidos pelos valencianos para administrar o munic\u00edpio h\u00e1 quase 4 anos atr\u00e1s.<\/p>\n<p>\u201cN\u00f3s colocamos como op\u00e7\u00e3o, oferecendo uma terra prometida, pedindo voto de confian\u00e7a e conseguimos convencer as pessoas que n\u00f3s pod\u00edamos ser uma alternativa verdadeira\u201d, contou o vice-prefeito que complementou: \u201ca\u00ed deu voto de confian\u00e7a no Marcelo e no Rubens, sabe o que aconteceu? Eles plantaram a confian\u00e7a e Valen\u00e7a viveu uma nova realidade, onde houve um governo progressista, construindo obras, resolvendo problemas, conciliando e governando para todos, independente de quem votou.\u201d <a href=\"https:\/\/portalv1.com.br\/app\/wp-content\/uploads\/2024\/10\/IMG_9935-scaled-1.jpg\"><img loading=\"lazy\" decoding=\"async\" class=\"aligncenter size-large wp-image-220373\" src=\"https:\/\/portalv1.com.br\/app\/wp-content\/uploads\/2024\/10\/IMG_9935-scaled-1-640x359.jpg\" alt=\"\" width=\"600\" height=\"337\" srcset=\"https:\/\/portalv1.com.br\/app\/wp-content\/uploads\/2024\/10\/IMG_9935-scaled-1-640x359.jpg 640w, https:\/\/portalv1.com.br\/app\/wp-content\/uploads\/2024\/10\/IMG_9935-scaled-1-300x168.jpg 300w, https:\/\/portalv1.com.br\/app\/wp-content\/uploads\/2024\/10\/IMG_9935-scaled-1-768x431.jpg 768w, https:\/\/portalv1.com.br\/app\/wp-content\/uploads\/2024\/10\/IMG_9935-scaled-1-1536x862.jpg 1536w, https:\/\/portalv1.com.br\/app\/wp-content\/uploads\/2024\/10\/IMG_9935-scaled-1-2048x1150.jpg 2048w\" sizes=\"auto, (max-width: 600px) 100vw, 600px\" \/><\/a><\/p>\n<p>Rubens ressalta que os votos dessa reelei\u00e7\u00e3o s\u00e3o os de agradecimento. \u201cAs pessoas n\u00e3o deram mais o voto de confian\u00e7a, as pessoas agradeceram por a gente ter feito o que elas precisavam, deu o voto de gratid\u00e3o pelo governo\u201d, disse o vice que acrescentou.<\/p>\n<p>\u201cEste \u00e9 o momento de gratid\u00e3o a Deus e tamb\u00e9m de reconhecimento, porque n\u00e3o dizer gratid\u00e3o a cada homem e cada mulher que fez o reconhecimento, disso que eu sonhei a vida toda\u201d. <a href=\"https:\/\/portalv1.com.br\/app\/wp-content\/uploads\/2024\/10\/portalv1IMG_4674valenca.jpg\"><img loading=\"lazy\" decoding=\"async\" class=\"aligncenter size-large wp-image-220374\" src=\"https:\/\/portalv1.com.br\/app\/wp-content\/uploads\/2024\/10\/portalv1IMG_4674valenca-640x359.jpg\" alt=\"\" width=\"600\" height=\"337\" srcset=\"https:\/\/portalv1.com.br\/app\/wp-content\/uploads\/2024\/10\/portalv1IMG_4674valenca-640x359.jpg 640w, https:\/\/portalv1.com.br\/app\/wp-content\/uploads\/2024\/10\/portalv1IMG_4674valenca-300x169.jpg 300w, https:\/\/portalv1.com.br\/app\/wp-content\/uploads\/2024\/10\/portalv1IMG_4674valenca-768x431.jpg 768w, https:\/\/portalv1.com.br\/app\/wp-content\/uploads\/2024\/10\/portalv1IMG_4674valenca-1536x863.jpg 1536w, https:\/\/portalv1.com.br\/app\/wp-content\/uploads\/2024\/10\/portalv1IMG_4674valenca.jpg 1800w\" sizes=\"auto, (max-width: 600px) 100vw, 600px\" \/><\/a><\/p>\n<p>Rubens tamb\u00e9m garantiu a pavimenta\u00e7\u00e3o da estrada que liga a Br 316 a comunidade Palmeirinha e tamb\u00e9m o bairro Novo Horizonte. \u201cDa \u00faltima casa da Palmeirinha, do Fumal at\u00e9 aqui, pegando essa \u00faltima rua do Novo Horizonte at\u00e9 a Joaquim Manoel d\u00e1 8 ou 9 quil\u00f4metros, ele vai pavimentar de asfalto, \u00e9 o compromisso dele\u201d, afirmou Rubens que ainda anunciou o asfaltamento da estrada que liga a PI de Novo Oriente a comunidade Buritizal.<\/p>\n<p>Rubens Alencar chamou aten\u00e7\u00e3o para a unidade do grupo destacando que todos fazem parte de uma equipe citando como exemplo a import\u00e2ncia dos vereadores n\u00e3o eleitos.<\/p>\n<p>\u201dOs nossos 29 vereadores foram respons\u00e1veis diretamente pela elei\u00e7\u00e3o dos oito. Nenhum dos oito foi eleito isoladamente. Se algum a\u00ed disser que eu sou o rei da cocada preta, ele pode ter tido mais votos que esse, que aquele nominalmente, mas percentualmente, ele \u00e9 fruto da uni\u00e3o dos 29, e consequ\u00eancia da gest\u00e3o do Marcelo\u201d. <a href=\"https:\/\/portalv1.com.br\/app\/wp-content\/uploads\/2024\/10\/IMG_4762.jpg\"><img loading=\"lazy\" decoding=\"async\" class=\"aligncenter size-large wp-image-220375\" src=\"https:\/\/portalv1.com.br\/app\/wp-content\/uploads\/2024\/10\/IMG_4762-640x359.jpg\" alt=\"\" width=\"600\" height=\"337\" srcset=\"https:\/\/portalv1.com.br\/app\/wp-content\/uploads\/2024\/10\/IMG_4762-640x359.jpg 640w, https:\/\/portalv1.com.br\/app\/wp-content\/uploads\/2024\/10\/IMG_4762-300x169.jpg 300w, https:\/\/portalv1.com.br\/app\/wp-content\/uploads\/2024\/10\/IMG_4762-768x431.jpg 768w, https:\/\/portalv1.com.br\/app\/wp-content\/uploads\/2024\/10\/IMG_4762-1536x863.jpg 1536w, https:\/\/portalv1.com.br\/app\/wp-content\/uploads\/2024\/10\/IMG_4762.jpg 1800w\" sizes=\"auto, (max-width: 600px) 100vw, 600px\" \/><\/a><\/p>\n<p>Rubens Alencar finalizou dizendo que o governo \u00e9 de todos.<\/p>\n<p>\u201cO governo tem que ser de todos, n\u00f3s s\u00f3 somos grandes por causa de voc\u00eas, s\u00f3 vamos ser capazes de melhorar a passos largos se voc\u00eas nos ajudarem. E n\u00e3o nos ajudem dizendo am\u00e9m, e muito menos condenando sem a gente ter feito nenhum crime. Nos ajudem participando e sugerindo coisas boas e uteis para toda a popula\u00e7\u00e3o\u201d.<\/p>\n","protected":false},"excerpt":{"rendered":"<p>Em entrevista nesta sexta-feira (11), o vice-prefeito reeleito, Rubens Alencar, falou da sua vit\u00f3ria ao lado do prefeito Marcelo Costa. Rubens tamb\u00e9m abordou a perspectiva para esse novo mandato. O&#8230;<\/p>\n","protected":false},"author":1,"featured_media":220373,"comment_status":"open","ping_status":"open","sticky":false,"template":"","format":"standard","meta":{"ngg_post_thumbnail":0,"footnotes":""},"categories":[243],"tags":[],"class_list":["post-220372","post","type-post","status-publish","format-standard","has-post-thumbnail","hentry","category-geral"],"views":466,"meta_data":{"thumb":"https:\/\/portalv1.com.br\/app\/wp-content\/uploads\/2024\/10\/IMG_9935-scaled-1.jpg","imagem":{"fullsize":{"url":"https:\/\/portalv1.com.br\/app\/wp-content\/uploads\/2024\/10\/IMG_9935-scaled-1.jpg","width":2560,"height":1437},"medium":{"url":"https:\/\/portalv1.com.br\/app\/wp-content\/uploads\/2024\/10\/IMG_9935-scaled-1-300x168.jpg","width":300,"height":168},"large":{"url":"https:\/\/portalv1.com.br\/app\/wp-content\/uploads\/2024\/10\/IMG_9935-scaled-1-640x359.jpg","width":640,"height":359},"thumbnail":{"url":"https:\/\/portalv1.com.br\/app\/wp-content\/uploads\/2024\/10\/IMG_9935-scaled-1-100x100.jpg","width":100,"height":100},"medium_large":{"url":"https:\/\/portalv1.com.br\/app\/wp-content\/uploads\/2024\/10\/IMG_9935-scaled-1-768x431.jpg","width":768,"height":431},"1536x1536":{"url":"https:\/\/portalv1.com.br\/app\/wp-content\/uploads\/2024\/10\/IMG_9935-scaled-1-1536x862.jpg","width":1536,"height":862},"2048x2048":{"url":"https:\/\/portalv1.com.br\/app\/wp-content\/uploads\/2024\/10\/IMG_9935-scaled-1-2048x1150.jpg","width":2048,"height":1150}},"data":{"simple":"12\/10\/2024","date_time":"12\/10\/2024 05:42:33","date":"h\u00e1 2 anos"},"chapeu":"Agradecimentos ","source":"slide"},"_links":{"self":[{"href":"https:\/\/portalv1.com.br\/api\/wp\/v2\/posts\/220372","targetHints":{"allow":["GET"]}}],"collection":[{"href":"https:\/\/portalv1.com.br\/api\/wp\/v2\/posts"}],"about":[{"href":"https:\/\/portalv1.com.br\/api\/wp\/v2\/types\/post"}],"author":[{"embeddable":true,"href":"https:\/\/portalv1.com.br\/api\/wp\/v2\/users\/1"}],"replies":[{"embeddable":true,"href":"https:\/\/portalv1.com.br\/api\/wp\/v2\/comments?post=220372"}],"version-history":[{"count":0,"href":"https:\/\/portalv1.com.br\/api\/wp\/v2\/posts\/220372\/revisions"}],"wp:featuredmedia":[{"embeddable":true,"href":"https:\/\/portalv1.com.br\/api\/wp\/v2\/media\/220373"}],"wp:attachment":[{"href":"https:\/\/portalv1.com.br\/api\/wp\/v2\/media?parent=220372"}],"wp:term":[{"taxonomy":"category","embeddable":true,"href":"https:\/\/portalv1.com.br\/api\/wp\/v2\/categories?post=220372"},{"taxonomy":"post_tag","embeddable":true,"href":"https:\/\/portalv1.com.br\/api\/wp\/v2\/tags?post=220372"}],"curies":[{"name":"wp","href":"https:\/\/api.w.org\/{rel}","templated":true}]}}