{"id":220383,"date":"2024-10-12T13:00:17","date_gmt":"2024-10-12T16:00:17","guid":{"rendered":"https:\/\/portalv1.com.br\/?p=220383"},"modified":"2024-10-12T13:24:05","modified_gmt":"2024-10-12T16:24:05","slug":"aniversario-do-empresario-idelson-melao-lopes-uma-celebracao-de-sucesso-e-dedicacao","status":"publish","type":"post","link":"https:\/\/portalv1.com.br\/aniversario-do-empresario-idelson-melao-lopes-uma-celebracao-de-sucesso-e-dedicacao\/","title":{"rendered":"Anivers\u00e1rio do empres\u00e1rio Indelson Mel\u00e3o Lopes: Uma Celebra\u00e7\u00e3o de Sucesso e Dedica\u00e7\u00e3o"},"content":{"rendered":"<p>Neste 12 de outubro, data em que celebramos o Dia da Padroeira do Brasil e o Dia das Crian\u00e7as, o Portal V1 tem a honra de parabenizar o empres\u00e1rio Indelson Mel\u00e3o Lopes pelo seu anivers\u00e1rio.<\/p>\n<p>Indelson Mel\u00e3o, possui uma trajet\u00f3ria de sucesso marcada por suas empresas de material de constru\u00e7\u00e3o e fibra com caixas d&#8217;\u00e1guas. Al\u00e9m disso, ele \u00e9 presidente da c\u00e2mara de dirigentes lojistas. O empres\u00e1rio \u00e9 destaque no com\u00e9rcio local, com um trabalho pautado na inova\u00e7\u00e3o e bom atendimento.<\/p>\n<p>A Casa B. Mel\u00e3o &#8220;O barato da Constru\u00e7\u00e3o&#8221; e a Fibra Mel\u00e3o &#8220;A marca da Caixa&#8221; s\u00e3o refer\u00eancias de qualidade e credibilidade em Valen\u00e7a do Piau\u00ed e na regi\u00e3o do Vale do Sambito. Desejamos ao empres\u00e1rio muito sucesso, conquistas e grandes realiza\u00e7\u00f5es. Parab\u00e9ns e muitos anos de vida, Indelson Mel\u00e3o! <a href=\"https:\/\/portalv1.com.br\/app\/wp-content\/uploads\/2024\/10\/617_01-vazo-4-2-1-jpg.jpg\"><img loading=\"lazy\" decoding=\"async\" class=\"aligncenter size-full wp-image-220384\" src=\"https:\/\/portalv1.com.br\/app\/wp-content\/uploads\/2024\/10\/617_01-vazo-4-2-1-jpg.jpg\" alt=\"\" width=\"574\" height=\"379\" srcset=\"https:\/\/portalv1.com.br\/app\/wp-content\/uploads\/2024\/10\/617_01-vazo-4-2-1-jpg.jpg 574w, https:\/\/portalv1.com.br\/app\/wp-content\/uploads\/2024\/10\/617_01-vazo-4-2-1-jpg-300x198.jpg 300w\" sizes=\"auto, (max-width: 574px) 100vw, 574px\" \/><\/a> <a href=\"https:\/\/portalv1.com.br\/app\/wp-content\/uploads\/2024\/10\/616_7f95432764fce01e4713fc57e8135d4f.jpg\"><img loading=\"lazy\" decoding=\"async\" class=\"aligncenter size-large wp-image-220385\" src=\"https:\/\/portalv1.com.br\/app\/wp-content\/uploads\/2024\/10\/616_7f95432764fce01e4713fc57e8135d4f.jpg\" alt=\"\" width=\"541\" height=\"494\" srcset=\"https:\/\/portalv1.com.br\/app\/wp-content\/uploads\/2024\/10\/616_7f95432764fce01e4713fc57e8135d4f.jpg 541w, https:\/\/portalv1.com.br\/app\/wp-content\/uploads\/2024\/10\/616_7f95432764fce01e4713fc57e8135d4f-300x274.jpg 300w\" sizes=\"auto, (max-width: 541px) 100vw, 541px\" \/><\/a><\/p>\n<p>&nbsp;<\/p>\n<p>&nbsp;<\/p>\n<p>&nbsp;<\/p>\n<p>&nbsp;<\/p>\n","protected":false},"excerpt":{"rendered":"<p>Neste 12 de outubro, data em que celebramos o Dia da Padroeira do Brasil e o Dia das Crian\u00e7as, o Portal V1 tem a honra de parabenizar o empres\u00e1rio Indelson&#8230;<\/p>\n","protected":false},"author":1,"featured_media":220385,"comment_status":"open","ping_status":"open","sticky":false,"template":"","format":"standard","meta":{"ngg_post_thumbnail":0,"footnotes":""},"categories":[243],"tags":[],"class_list":["post-220383","post","type-post","status-publish","format-standard","has-post-thumbnail","hentry","category-geral"],"views":481,"meta_data":{"thumb":"https:\/\/portalv1.com.br\/app\/wp-content\/uploads\/2024\/10\/616_7f95432764fce01e4713fc57e8135d4f.jpg","imagem":{"fullsize":{"url":"https:\/\/portalv1.com.br\/app\/wp-content\/uploads\/2024\/10\/616_7f95432764fce01e4713fc57e8135d4f.jpg","width":541,"height":494},"medium":{"url":"https:\/\/portalv1.com.br\/app\/wp-content\/uploads\/2024\/10\/616_7f95432764fce01e4713fc57e8135d4f-300x274.jpg","width":300,"height":274},"thumbnail":{"url":"https:\/\/portalv1.com.br\/app\/wp-content\/uploads\/2024\/10\/616_7f95432764fce01e4713fc57e8135d4f-100x100.jpg","width":100,"height":100}},"data":{"simple":"12\/10\/2024","date_time":"12\/10\/2024 10:00:17","date":"h\u00e1 2 anos"},"chapeu":"Parab\u00e9ns ","source":"m_destacada"},"_links":{"self":[{"href":"https:\/\/portalv1.com.br\/api\/wp\/v2\/posts\/220383","targetHints":{"allow":["GET"]}}],"collection":[{"href":"https:\/\/portalv1.com.br\/api\/wp\/v2\/posts"}],"about":[{"href":"https:\/\/portalv1.com.br\/api\/wp\/v2\/types\/post"}],"author":[{"embeddable":true,"href":"https:\/\/portalv1.com.br\/api\/wp\/v2\/users\/1"}],"replies":[{"embeddable":true,"href":"https:\/\/portalv1.com.br\/api\/wp\/v2\/comments?post=220383"}],"version-history":[{"count":0,"href":"https:\/\/portalv1.com.br\/api\/wp\/v2\/posts\/220383\/revisions"}],"wp:featuredmedia":[{"embeddable":true,"href":"https:\/\/portalv1.com.br\/api\/wp\/v2\/media\/220385"}],"wp:attachment":[{"href":"https:\/\/portalv1.com.br\/api\/wp\/v2\/media?parent=220383"}],"wp:term":[{"taxonomy":"category","embeddable":true,"href":"https:\/\/portalv1.com.br\/api\/wp\/v2\/categories?post=220383"},{"taxonomy":"post_tag","embeddable":true,"href":"https:\/\/portalv1.com.br\/api\/wp\/v2\/tags?post=220383"}],"curies":[{"name":"wp","href":"https:\/\/api.w.org\/{rel}","templated":true}]}}