{"id":220653,"date":"2024-10-18T11:35:55","date_gmt":"2024-10-18T14:35:55","guid":{"rendered":"https:\/\/portalv1.com.br\/?p=220653"},"modified":"2024-10-18T11:35:55","modified_gmt":"2024-10-18T14:35:55","slug":"escola-de-governo-inicia-projeto-masterclass-com-aula-sobre-gerenciamento-de-crise","status":"publish","type":"post","link":"https:\/\/portalv1.com.br\/escola-de-governo-inicia-projeto-masterclass-com-aula-sobre-gerenciamento-de-crise\/","title":{"rendered":"Escola de Governo inicia projeto Masterclass com aula sobre gerenciamento de crise"},"content":{"rendered":"<p>A Secretaria de Estado da Administra\u00e7\u00e3o (Sead), atrav\u00e9s da Escola de Governo do Piau\u00ed (Egepi), realizou nesta quinta-feira (17) a masterclass de capacita\u00e7\u00e3o com o tema &#8220;Gerenciamento de Crises nas Redes Sociais\u201c, ministrada pelo coordenador de comunica\u00e7\u00e3o do Governo do Estado, Mussoline Guedes. Esta \u00e9 a primeira masterclass do novo projeto, voltado para a capacita\u00e7\u00e3o de gestores e servidores p\u00fablicos estaduais.<\/p>\n<p>Mussoline Guedes destaca que o treinamento nesta \u00e1rea \u00e9 importante para estabelecer di\u00e1logo entre os \u00f3rg\u00e3os e a sociedade, al\u00e9m de determinar par\u00e2metros para o gerenciamento em momentos de crise. \u201cAqui falamos sobre comunica\u00e7\u00e3o, gerenciamento de crise e redes sociais. Um treinamento muito importante n\u00e3o s\u00f3 para os gestores e servidores, mas para todos os que se interessam por comunica\u00e7\u00e3o, por di\u00e1logo com a sociedade. Estamos felizes de ter participado e esperamos que tenha rendido bons frutos para todos que participaram\u201d, pontuou o coordenador.<a href=\"https:\/\/portalv1.com.br\/app\/wp-content\/uploads\/2024\/10\/guedes.jpg\"><img loading=\"lazy\" decoding=\"async\" class=\"aligncenter size-large wp-image-220654\" src=\"https:\/\/portalv1.com.br\/app\/wp-content\/uploads\/2024\/10\/guedes-640x427.jpg\" alt=\"\" width=\"600\" height=\"400\" srcset=\"https:\/\/portalv1.com.br\/app\/wp-content\/uploads\/2024\/10\/guedes-640x427.jpg 640w, https:\/\/portalv1.com.br\/app\/wp-content\/uploads\/2024\/10\/guedes-300x200.jpg 300w, https:\/\/portalv1.com.br\/app\/wp-content\/uploads\/2024\/10\/guedes-768x512.jpg 768w, https:\/\/portalv1.com.br\/app\/wp-content\/uploads\/2024\/10\/guedes.jpg 1000w\" sizes=\"auto, (max-width: 600px) 100vw, 600px\" \/><\/a><\/p>\n<p>O Projeto Masterclass busca atualizar os servidores e gestores com temas relevantes com profissionais experientes. O diretor da Escola de Governo, Carlos Alberto Moura, avaliou a primeira aula como um sucesso, trazendo um tema de extrema relev\u00e2ncia para o cen\u00e1rio da comunica\u00e7\u00e3o.<\/p>\n<p>\u201cA masterclass d\u00e1 o pontap\u00e9 inicial com esse tema de gerenciamento de crises nas redes sociais, que \u00e9 um tema muito atual diante do cen\u00e1rio que estamos vivenciando e nada melhor do que um profissional com v\u00e1rios anos de mercado para conduzir a aula\u201d, disse Alberto.<\/p>\n<p>Para Marcella Priscilla, assessora de comunica\u00e7\u00e3o da Coordenadoria Estadual de Enfrentamento \u00e0s Drogas e Fomento ao Lazer (Cendfol), o curso possibilitou a abertura para novos horizontes em rela\u00e7\u00e3o ao gerenciamento de crises, que melhora a comunica\u00e7\u00e3o do governo com o cidad\u00e3o. \u201cEsse curso enriquece a comunica\u00e7\u00e3o, qualifica a forma como a gente se comunica com o cidad\u00e3o. Ent\u00e3o, quem sai ganhando n\u00e3o \u00e9 somente n\u00f3s comunicadores, mas a sociedade tamb\u00e9m\u201d, aponta.<a href=\"https:\/\/portalv1.com.br\/app\/wp-content\/uploads\/2024\/10\/mussoline.jpg\"><img loading=\"lazy\" decoding=\"async\" class=\"aligncenter size-large wp-image-220655\" src=\"https:\/\/portalv1.com.br\/app\/wp-content\/uploads\/2024\/10\/mussoline-640x427.jpg\" alt=\"\" width=\"600\" height=\"400\" srcset=\"https:\/\/portalv1.com.br\/app\/wp-content\/uploads\/2024\/10\/mussoline-640x427.jpg 640w, https:\/\/portalv1.com.br\/app\/wp-content\/uploads\/2024\/10\/mussoline-300x200.jpg 300w, https:\/\/portalv1.com.br\/app\/wp-content\/uploads\/2024\/10\/mussoline-768x512.jpg 768w, https:\/\/portalv1.com.br\/app\/wp-content\/uploads\/2024\/10\/mussoline.jpg 1000w\" sizes=\"auto, (max-width: 600px) 100vw, 600px\" \/><\/a><\/p>\n<p>A jornalista e assessora de imprensa da Ag\u00eancia de Desenvolvimento Habitacional (ADH), Patr\u00edcia Andrade, destaca os aspectos t\u00e9cnicos da comunica\u00e7\u00e3o em abrandar crises. \u201cFoi uma experi\u00eancia enriquecedora. A abordagem do tema e o compartilhamento de experi\u00eancias entre os jornalistas proporcionaram uma vis\u00e3o clara de como as redes e o trabalho do assessor de imprensa podem ser ferramentas poderosas para mitigar crises, desde o planejamento precoce at\u00e9 as estrat\u00e9gias de comunica\u00e7\u00e3o para lidar com o problema&#8221;, detalha.<\/p>\n","protected":false},"excerpt":{"rendered":"<p>A Secretaria de Estado da Administra\u00e7\u00e3o (Sead), atrav\u00e9s da Escola de Governo do Piau\u00ed (Egepi), realizou nesta quinta-feira (17) a masterclass de capacita\u00e7\u00e3o com o tema &#8220;Gerenciamento de Crises nas&#8230;<\/p>\n","protected":false},"author":1,"featured_media":220654,"comment_status":"open","ping_status":"open","sticky":false,"template":"","format":"standard","meta":{"ngg_post_thumbnail":0,"footnotes":""},"categories":[243],"tags":[],"class_list":["post-220653","post","type-post","status-publish","format-standard","has-post-thumbnail","hentry","category-geral"],"views":84,"meta_data":{"thumb":"https:\/\/portalv1.com.br\/app\/wp-content\/uploads\/2024\/10\/guedes.jpg","imagem":{"fullsize":{"url":"https:\/\/portalv1.com.br\/app\/wp-content\/uploads\/2024\/10\/guedes.jpg","width":1000,"height":667},"medium":{"url":"https:\/\/portalv1.com.br\/app\/wp-content\/uploads\/2024\/10\/guedes-300x200.jpg","width":300,"height":200},"large":{"url":"https:\/\/portalv1.com.br\/app\/wp-content\/uploads\/2024\/10\/guedes-640x427.jpg","width":640,"height":427},"thumbnail":{"url":"https:\/\/portalv1.com.br\/app\/wp-content\/uploads\/2024\/10\/guedes-100x100.jpg","width":100,"height":100},"medium_large":{"url":"https:\/\/portalv1.com.br\/app\/wp-content\/uploads\/2024\/10\/guedes-768x512.jpg","width":768,"height":512}},"data":{"simple":"18\/10\/2024","date_time":"18\/10\/2024 08:35:55","date":"h\u00e1 2 anos"},"chapeu":"Veja detalhes ","source":"m_destacada"},"_links":{"self":[{"href":"https:\/\/portalv1.com.br\/api\/wp\/v2\/posts\/220653","targetHints":{"allow":["GET"]}}],"collection":[{"href":"https:\/\/portalv1.com.br\/api\/wp\/v2\/posts"}],"about":[{"href":"https:\/\/portalv1.com.br\/api\/wp\/v2\/types\/post"}],"author":[{"embeddable":true,"href":"https:\/\/portalv1.com.br\/api\/wp\/v2\/users\/1"}],"replies":[{"embeddable":true,"href":"https:\/\/portalv1.com.br\/api\/wp\/v2\/comments?post=220653"}],"version-history":[{"count":0,"href":"https:\/\/portalv1.com.br\/api\/wp\/v2\/posts\/220653\/revisions"}],"wp:featuredmedia":[{"embeddable":true,"href":"https:\/\/portalv1.com.br\/api\/wp\/v2\/media\/220654"}],"wp:attachment":[{"href":"https:\/\/portalv1.com.br\/api\/wp\/v2\/media?parent=220653"}],"wp:term":[{"taxonomy":"category","embeddable":true,"href":"https:\/\/portalv1.com.br\/api\/wp\/v2\/categories?post=220653"},{"taxonomy":"post_tag","embeddable":true,"href":"https:\/\/portalv1.com.br\/api\/wp\/v2\/tags?post=220653"}],"curies":[{"name":"wp","href":"https:\/\/api.w.org\/{rel}","templated":true}]}}