{"id":220656,"date":"2024-10-18T11:51:21","date_gmt":"2024-10-18T14:51:21","guid":{"rendered":"https:\/\/portalv1.com.br\/?p=220656"},"modified":"2024-10-18T21:28:17","modified_gmt":"2024-10-19T00:28:17","slug":"situacao-e-oposicao-debatem-a-sucessao-na-appm-com-reunioes-e-anuncios","status":"publish","type":"post","link":"https:\/\/portalv1.com.br\/situacao-e-oposicao-debatem-a-sucessao-na-appm-com-reunioes-e-anuncios\/","title":{"rendered":"Situa\u00e7\u00e3o e oposi\u00e7\u00e3o debatem a sucess\u00e3o na APPM com reuni\u00f5es e an\u00fancios"},"content":{"rendered":"<p>O prefeito eleito de Elesb\u00e3o Veloso, Ronaldo Barbosa, realizou nesta quinta-feira (17) uma visita de cortesia ao prefeito eleito de Teresina, S\u00edlvio Mendes, na capital do Piau\u00ed. S\u00edlvio, que assume o terceiro mandato em Teresina, destacou a trajet\u00f3ria de Ronaldo Barbosa, chamando-o de &#8220;lenda&#8221; devido \u00e0 conquista de seu quinto mandato.<\/p>\n<p>\u201cBoa conversa com a lenda Ronaldo Barbosa, economista e eleito prefeito de Elesb\u00e3o Veloso pela quinta vez. Respeitado gestor p\u00fablico\u201d, disse Silvio Mendes.<a href=\"https:\/\/portalv1.com.br\/app\/wp-content\/uploads\/2024\/10\/WhatsApp-Image-2024-10-18-at-11.49.28.jpeg\"><img loading=\"lazy\" decoding=\"async\" class=\"aligncenter size-large wp-image-220657\" src=\"https:\/\/portalv1.com.br\/app\/wp-content\/uploads\/2024\/10\/WhatsApp-Image-2024-10-18-at-11.49.28-640x409.jpeg\" alt=\"\" width=\"600\" height=\"383\" srcset=\"https:\/\/portalv1.com.br\/app\/wp-content\/uploads\/2024\/10\/WhatsApp-Image-2024-10-18-at-11.49.28-640x409.jpeg 640w, https:\/\/portalv1.com.br\/app\/wp-content\/uploads\/2024\/10\/WhatsApp-Image-2024-10-18-at-11.49.28-300x192.jpeg 300w, https:\/\/portalv1.com.br\/app\/wp-content\/uploads\/2024\/10\/WhatsApp-Image-2024-10-18-at-11.49.28-768x491.jpeg 768w, https:\/\/portalv1.com.br\/app\/wp-content\/uploads\/2024\/10\/WhatsApp-Image-2024-10-18-at-11.49.28.jpeg 787w\" sizes=\"auto, (max-width: 600px) 100vw, 600px\" \/><\/a><\/p>\n<p>Nesta semana, S\u00edlvio Mendes tem recebido diversos gestores eleitos e reeleitos de v\u00e1rias cidades piauienses. Al\u00e9m das tradicionais felicita\u00e7\u00f5es pelas vit\u00f3rias eleitorais, as conversas tamb\u00e9m abordaram a elei\u00e7\u00e3o da Associa\u00e7\u00e3o Piauiense de Munic\u00edpios (APPM), prevista para janeiro.<\/p>\n<p>A elei\u00e7\u00e3o da APPM deve ser marcada por um novo confronto entre os blocos de situa\u00e7\u00e3o e oposi\u00e7\u00e3o, repetindo a polariza\u00e7\u00e3o das disputas anteriores. Em 2021, o prefeito de Francin\u00f3polis, Paulo C\u00e9sar (PP), venceu a presid\u00eancia da associa\u00e7\u00e3o, enquanto, em 2023, o atual presidente Toninho de Caridade (PSD) saiu vitorioso. A disputa tamb\u00e9m pode acontecer dentro dos pr\u00f3prios blocos.&nbsp;<\/p>\n<p>Nesta quinta-feira, outro cap\u00edtulo importante da disputa come\u00e7ou a se desenhar, com o prefeito de Aroazes, Manoel Portela, que vinha sendo cotado como candidato \u00e0 presid\u00eancia da APPM, mas resolveu oficializar seu apoio ao prefeito de S\u00e3o Jos\u00e9 do Piau\u00ed, Admaelton Bezerra. Manoel Portela publicou uma foto ao lado de outros gestores municipais, consolidando a alian\u00e7a.<\/p>\n<p>\u201cPrefeitos do PT, PSD e MDB, integrantes da base governista, se unem para a disputa da presid\u00eancia da APPM, em apoio ao nome do Prefeito de S\u00e3o Jos\u00e9 do Piau\u00ed &#8211; PI, Admaelton Bezerra\u201d, anunciou Manoel Portela Neto, atual secret\u00e1rio-geral da APPM. <a href=\"https:\/\/portalv1.com.br\/app\/wp-content\/uploads\/2024\/10\/WhatsApp-Image-2024-10-17-at-21.00.44.jpeg\"><img loading=\"lazy\" decoding=\"async\" class=\"aligncenter size-large wp-image-220658\" src=\"https:\/\/portalv1.com.br\/app\/wp-content\/uploads\/2024\/10\/WhatsApp-Image-2024-10-17-at-21.00.44-640x360.jpeg\" alt=\"\" width=\"600\" height=\"338\" srcset=\"https:\/\/portalv1.com.br\/app\/wp-content\/uploads\/2024\/10\/WhatsApp-Image-2024-10-17-at-21.00.44-640x360.jpeg 640w, https:\/\/portalv1.com.br\/app\/wp-content\/uploads\/2024\/10\/WhatsApp-Image-2024-10-17-at-21.00.44-300x169.jpeg 300w, https:\/\/portalv1.com.br\/app\/wp-content\/uploads\/2024\/10\/WhatsApp-Image-2024-10-17-at-21.00.44-768x432.jpeg 768w, https:\/\/portalv1.com.br\/app\/wp-content\/uploads\/2024\/10\/WhatsApp-Image-2024-10-17-at-21.00.44-1536x864.jpeg 1536w, https:\/\/portalv1.com.br\/app\/wp-content\/uploads\/2024\/10\/WhatsApp-Image-2024-10-17-at-21.00.44.jpeg 1600w\" sizes=\"auto, (max-width: 600px) 100vw, 600px\" \/><\/a><\/p>\n","protected":false},"excerpt":{"rendered":"<p>O prefeito eleito de Elesb\u00e3o Veloso, Ronaldo Barbosa, realizou nesta quinta-feira (17) uma visita de cortesia ao prefeito eleito de Teresina, S\u00edlvio Mendes, na capital do Piau\u00ed. S\u00edlvio, que assume&#8230;<\/p>\n","protected":false},"author":1,"featured_media":220657,"comment_status":"open","ping_status":"open","sticky":false,"template":"","format":"standard","meta":{"ngg_post_thumbnail":0,"footnotes":""},"categories":[243],"tags":[],"class_list":["post-220656","post","type-post","status-publish","format-standard","has-post-thumbnail","hentry","category-geral"],"views":365,"meta_data":{"thumb":"https:\/\/portalv1.com.br\/app\/wp-content\/uploads\/2024\/10\/WhatsApp-Image-2024-10-18-at-11.49.28.jpeg","imagem":{"fullsize":{"url":"https:\/\/portalv1.com.br\/app\/wp-content\/uploads\/2024\/10\/WhatsApp-Image-2024-10-18-at-11.49.28.jpeg","width":787,"height":503},"medium":{"url":"https:\/\/portalv1.com.br\/app\/wp-content\/uploads\/2024\/10\/WhatsApp-Image-2024-10-18-at-11.49.28-300x192.jpeg","width":300,"height":192},"large":{"url":"https:\/\/portalv1.com.br\/app\/wp-content\/uploads\/2024\/10\/WhatsApp-Image-2024-10-18-at-11.49.28-640x409.jpeg","width":640,"height":409},"thumbnail":{"url":"https:\/\/portalv1.com.br\/app\/wp-content\/uploads\/2024\/10\/WhatsApp-Image-2024-10-18-at-11.49.28-100x100.jpeg","width":100,"height":100},"medium_large":{"url":"https:\/\/portalv1.com.br\/app\/wp-content\/uploads\/2024\/10\/WhatsApp-Image-2024-10-18-at-11.49.28-768x491.jpeg","width":768,"height":491}},"data":{"simple":"18\/10\/2024","date_time":"18\/10\/2024 08:51:21","date":"h\u00e1 2 anos"},"chapeu":"Veja detalhes ","source":"m_destacada"},"_links":{"self":[{"href":"https:\/\/portalv1.com.br\/api\/wp\/v2\/posts\/220656","targetHints":{"allow":["GET"]}}],"collection":[{"href":"https:\/\/portalv1.com.br\/api\/wp\/v2\/posts"}],"about":[{"href":"https:\/\/portalv1.com.br\/api\/wp\/v2\/types\/post"}],"author":[{"embeddable":true,"href":"https:\/\/portalv1.com.br\/api\/wp\/v2\/users\/1"}],"replies":[{"embeddable":true,"href":"https:\/\/portalv1.com.br\/api\/wp\/v2\/comments?post=220656"}],"version-history":[{"count":0,"href":"https:\/\/portalv1.com.br\/api\/wp\/v2\/posts\/220656\/revisions"}],"wp:featuredmedia":[{"embeddable":true,"href":"https:\/\/portalv1.com.br\/api\/wp\/v2\/media\/220657"}],"wp:attachment":[{"href":"https:\/\/portalv1.com.br\/api\/wp\/v2\/media?parent=220656"}],"wp:term":[{"taxonomy":"category","embeddable":true,"href":"https:\/\/portalv1.com.br\/api\/wp\/v2\/categories?post=220656"},{"taxonomy":"post_tag","embeddable":true,"href":"https:\/\/portalv1.com.br\/api\/wp\/v2\/tags?post=220656"}],"curies":[{"name":"wp","href":"https:\/\/api.w.org\/{rel}","templated":true}]}}