{"id":22074,"date":"2015-10-27T10:13:17","date_gmt":"2015-10-27T13:13:17","guid":{"rendered":"https:\/\/portalv1.com.br\/?p=22074"},"modified":"2015-10-29T07:59:52","modified_gmt":"2015-10-29T10:59:52","slug":"posse-de-terreno-em-pimenteiras-gera-muita-polemica-veja-video","status":"publish","type":"post","link":"https:\/\/portalv1.com.br\/posse-de-terreno-em-pimenteiras-gera-muita-polemica-veja-video\/","title":{"rendered":"Posse de terreno em Pimenteiras gera muita pol\u00eamica. Veja V\u00eddeo"},"content":{"rendered":"<figure id=\"attachment_22075\" aria-describedby=\"caption-attachment-22075\" style=\"width: 300px\" class=\"wp-caption alignright\"><img loading=\"lazy\" decoding=\"async\" class=\"size-medium wp-image-22075\" src=\"https:\/\/portalv1.com.br\/app\/wp-content\/uploads\/2015\/10\/SECRETARIO-DA-MESA-DIRETORA-ROGERIO-TOMAZ-MOTA-300x225.jpg\" alt=\"Vereador Rog\u00e9rio Mota \" width=\"300\" height=\"225\" srcset=\"https:\/\/portalv1.com.br\/app\/wp-content\/uploads\/2015\/10\/SECRETARIO-DA-MESA-DIRETORA-ROGERIO-TOMAZ-MOTA-300x225.jpg 300w, https:\/\/portalv1.com.br\/app\/wp-content\/uploads\/2015\/10\/SECRETARIO-DA-MESA-DIRETORA-ROGERIO-TOMAZ-MOTA-640x480.jpg 640w, https:\/\/portalv1.com.br\/app\/wp-content\/uploads\/2015\/10\/SECRETARIO-DA-MESA-DIRETORA-ROGERIO-TOMAZ-MOTA.jpg 960w\" sizes=\"auto, (max-width: 300px) 100vw, 300px\" \/><figcaption id=\"caption-attachment-22075\" class=\"wp-caption-text\">Vereador Rog\u00e9rio Mota<\/figcaption><\/figure>\n<p>O vereador Rogerio Mota comentou nesta segunda-feira (26) durante a sess\u00e3o da c\u00e2mara de vereadores as acusa\u00e7\u00f5es da senhora Maria Luiza, feitas nas redes sociais acusando o vereador de supostas irregularidades e a Prefeitura de Pimenteiras de ter ocupado irregularmente um terreno de sua propriedade para a constru\u00e7\u00e3o de uma unidade escolar na localidade Curral de Pedras.<\/p>\n<p>O vereador disse em sua fala que n\u00e3o s\u00e3o verdadeiras as acusa\u00e7\u00f5es e relatou a trajet\u00f3ria do terreno, que segundo o mesmo pertence \u00e0 municipalidade desde a d\u00e9cada de 80, quando o terreno foi doado para a Telepisa pelo ent\u00e3o prefeito Netinho e depois na gest\u00e3o do prefeito Nonato Marreiros o mesmo foi doado por 30 anos a Telemar.<\/p>\n<p>Rogerio Mota foi enf\u00e1tico em afirmar que ao contrario do que disse a moradora, o terreno nunca foi usado para o cultivo de caju, mamona, mandioca ou qualquer outra cultura como afirmou a mesma.<\/p>\n<p>Durante sua fala o vereador pediu informa\u00e7\u00f5es ao colega Plinio Silva, que mora na localidade e que confirmou as informa\u00e7\u00f5es repassadas pelo colega, ou seja, de que o terreno era usado desde os anos 80 pelas concessionaria de telefonia e que no local nunca houve o cultivo de nenhuma cultura. Sobre as acusa\u00e7\u00f5es contra a sua pessoa ele afirmou que tomar\u00e1 as medidas cab\u00edveis na Justi\u00e7a.<\/p>\n<p>O prefeito Venicio do \u00d3 nas redes sociais lamentou o episodio e publicou documentos comprovando a posse da municipalidade do terreno. O prefeito lamentou o uso politico na quest\u00e3o, onde segundo ele pessoas se aproveitam da ingenuidade das outras em nome de interesses pr\u00f3prios.<\/p>\n<p><div class=\"content-iframe\" data-content-width=\"600\"><iframe loading=\"lazy\" src=\"https:\/\/www.youtube.com\/embed\/7pFEl0Mqiro\" width=\"560\" height=\"315\" frameborder=\"0\" allowfullscreen=\"allowfullscreen\"><\/iframe><\/div><\/p>\n<p>&nbsp;<\/p>\n<p>&nbsp;<\/p>\n<p>&nbsp;<\/p>\n<p><img loading=\"lazy\" decoding=\"async\" class=\"aligncenter size-large wp-image-22079\" src=\"https:\/\/portalv1.com.br\/app\/wp-content\/uploads\/2015\/10\/12193593_596210490519081_6214461021371454548_n-640x853.jpg\" alt=\"12193593_596210490519081_6214461021371454548_n\" width=\"640\" height=\"853\" srcset=\"https:\/\/portalv1.com.br\/app\/wp-content\/uploads\/2015\/10\/12193593_596210490519081_6214461021371454548_n-640x853.jpg 640w, https:\/\/portalv1.com.br\/app\/wp-content\/uploads\/2015\/10\/12193593_596210490519081_6214461021371454548_n-300x400.jpg 300w, https:\/\/portalv1.com.br\/app\/wp-content\/uploads\/2015\/10\/12193593_596210490519081_6214461021371454548_n.jpg 720w\" sizes=\"auto, (max-width: 640px) 100vw, 640px\" \/><img loading=\"lazy\" decoding=\"async\" class=\"aligncenter size-full wp-image-22078\" src=\"https:\/\/portalv1.com.br\/app\/wp-content\/uploads\/2015\/10\/12191569_596210427185754_5742780545953194809_n.jpg\" alt=\"12191569_596210427185754_5742780545953194809_n\" width=\"540\" height=\"960\" srcset=\"https:\/\/portalv1.com.br\/app\/wp-content\/uploads\/2015\/10\/12191569_596210427185754_5742780545953194809_n.jpg 540w, https:\/\/portalv1.com.br\/app\/wp-content\/uploads\/2015\/10\/12191569_596210427185754_5742780545953194809_n-300x533.jpg 300w\" sizes=\"auto, (max-width: 540px) 100vw, 540px\" \/><img loading=\"lazy\" decoding=\"async\" class=\"aligncenter size-large wp-image-22077\" src=\"https:\/\/portalv1.com.br\/app\/wp-content\/uploads\/2015\/10\/17020_596210450519085_1268948620584236859_n-640x853.jpg\" alt=\"17020_596210450519085_1268948620584236859_n\" width=\"640\" height=\"853\" srcset=\"https:\/\/portalv1.com.br\/app\/wp-content\/uploads\/2015\/10\/17020_596210450519085_1268948620584236859_n-640x853.jpg 640w, https:\/\/portalv1.com.br\/app\/wp-content\/uploads\/2015\/10\/17020_596210450519085_1268948620584236859_n-300x400.jpg 300w, https:\/\/portalv1.com.br\/app\/wp-content\/uploads\/2015\/10\/17020_596210450519085_1268948620584236859_n.jpg 720w\" sizes=\"auto, (max-width: 640px) 100vw, 640px\" \/><\/p>\n<p>&nbsp;<\/p>\n<p><img loading=\"lazy\" decoding=\"async\" class=\"aligncenter size-large wp-image-22076\" src=\"https:\/\/portalv1.com.br\/app\/wp-content\/uploads\/2015\/10\/12190878_596210470519083_5961794676717284623_n-640x853.jpg\" alt=\"12190878_596210470519083_5961794676717284623_n\" width=\"640\" height=\"853\" srcset=\"https:\/\/portalv1.com.br\/app\/wp-content\/uploads\/2015\/10\/12190878_596210470519083_5961794676717284623_n-640x853.jpg 640w, https:\/\/portalv1.com.br\/app\/wp-content\/uploads\/2015\/10\/12190878_596210470519083_5961794676717284623_n-300x400.jpg 300w, https:\/\/portalv1.com.br\/app\/wp-content\/uploads\/2015\/10\/12190878_596210470519083_5961794676717284623_n.jpg 720w\" sizes=\"auto, (max-width: 640px) 100vw, 640px\" \/><\/p>\n","protected":false},"excerpt":{"rendered":"<p>O vereador Rogerio Mota comentou nesta segunda-feira (26) durante a sess\u00e3o da c\u00e2mara de vereadores as acusa\u00e7\u00f5es da senhora Maria Luiza, feitas nas redes sociais acusando o vereador de supostas&#8230;<\/p>\n","protected":false},"author":1,"featured_media":0,"comment_status":"open","ping_status":"open","sticky":false,"template":"","format":"standard","meta":{"ngg_post_thumbnail":0,"footnotes":""},"categories":[12],"tags":[],"class_list":["post-22074","post","type-post","status-publish","format-standard","hentry","category-valenca-news"],"views":1424,"meta_data":{"thumb":"https:\/\/portalv1.com.br\/app\/wp-content\/uploads\/2015\/10\/SECRETARIO-DA-MESA-DIRETORA-ROGERIO-TOMAZ-MOTA.jpg","data":{"simple":"27\/10\/2015","date_time":"27\/10\/2015 07:13:17","date":"h\u00e1 11 anos"},"chapeu":"Pol\u00eamica ","source":"foto_menor"},"_links":{"self":[{"href":"https:\/\/portalv1.com.br\/api\/wp\/v2\/posts\/22074","targetHints":{"allow":["GET"]}}],"collection":[{"href":"https:\/\/portalv1.com.br\/api\/wp\/v2\/posts"}],"about":[{"href":"https:\/\/portalv1.com.br\/api\/wp\/v2\/types\/post"}],"author":[{"embeddable":true,"href":"https:\/\/portalv1.com.br\/api\/wp\/v2\/users\/1"}],"replies":[{"embeddable":true,"href":"https:\/\/portalv1.com.br\/api\/wp\/v2\/comments?post=22074"}],"version-history":[{"count":0,"href":"https:\/\/portalv1.com.br\/api\/wp\/v2\/posts\/22074\/revisions"}],"wp:attachment":[{"href":"https:\/\/portalv1.com.br\/api\/wp\/v2\/media?parent=22074"}],"wp:term":[{"taxonomy":"category","embeddable":true,"href":"https:\/\/portalv1.com.br\/api\/wp\/v2\/categories?post=22074"},{"taxonomy":"post_tag","embeddable":true,"href":"https:\/\/portalv1.com.br\/api\/wp\/v2\/tags?post=22074"}],"curies":[{"name":"wp","href":"https:\/\/api.w.org\/{rel}","templated":true}]}}