{"id":220787,"date":"2024-10-22T22:27:31","date_gmt":"2024-10-23T01:27:31","guid":{"rendered":"https:\/\/portalv1.com.br\/?p=220787"},"modified":"2024-10-22T22:27:31","modified_gmt":"2024-10-23T01:27:31","slug":"secretaria-de-agricultura-de-lagoa-do-sitio-divulga-calendario-de-inscricoes-garantia-safra-2024-2025","status":"publish","type":"post","link":"https:\/\/portalv1.com.br\/secretaria-de-agricultura-de-lagoa-do-sitio-divulga-calendario-de-inscricoes-garantia-safra-2024-2025\/","title":{"rendered":"Secretaria de Agricultura de Lagoa do Sitio divulga calend\u00e1rio de inscri\u00e7\u00f5es Garantia Safra 2024\/2025"},"content":{"rendered":"<p>A Secretaria de Agricultura e Meio Ambiente de Lagoa do S\u00edtio divulgou o calend\u00e1rio de inscri\u00e7\u00f5es para o Programa Garantia Safra 2024\/2025. As inscri\u00e7\u00f5es ter\u00e3o in\u00edcio na pr\u00f3xima segunda-feira (28), nos turnos manha e tarde (Veja programa\u00e7\u00e3o no final da mat\u00e9ria).<\/p>\n<p>O benef\u00edcio, que tem por objetivo garantir assist\u00eancia financeira aos produtores com preju\u00edzo em suas planta\u00e7\u00f5es, em decorr\u00eancia da estiagem ou excesso de chuvas, \u00e9 assegurado atrav\u00e9s de valores de contrapartida entre Munic\u00edpios, Estados, Governo Federal e dos agricultores.<\/p>\n<p>A Secret\u00e1ria de Agricultura e Meio Ambiente de Lagoa do S\u00edtio, K\u00e1cia Pimentel informou que a equipe visitar\u00e1 at\u00e9 o dia 5 de novembro toda a zona rural e na sede do munic\u00edpio as inscri\u00e7\u00f5es ser\u00e3o realizadas na Avenida Mundim Ferreira, pr\u00f3ximo \u00e0 prefeitura municipal.<\/p>\n<p>K\u00e1cio Pimentel ressalto tamb\u00e9m o compromisso do prefeito S\u00e1vio Moura com os agricultores de Lagoa do S\u00edtio, que sempre pagou a contra partida do munic\u00edpio dentro o prazo estabelecido, garantindo aos mesmos esse seguro por conta da perca da produ\u00e7\u00e3o. <a href=\"https:\/\/portalv1.com.br\/app\/wp-content\/uploads\/2024\/10\/Imagem-do-WhatsApp-de-2024-10-22-as-10.13.36_ee954396-698x1024-1.jpg\"><img loading=\"lazy\" decoding=\"async\" class=\"aligncenter size-large wp-image-220788\" src=\"https:\/\/portalv1.com.br\/app\/wp-content\/uploads\/2024\/10\/Imagem-do-WhatsApp-de-2024-10-22-as-10.13.36_ee954396-698x1024-1-640x939.jpg\" alt=\"\" width=\"600\" height=\"880\" srcset=\"https:\/\/portalv1.com.br\/app\/wp-content\/uploads\/2024\/10\/Imagem-do-WhatsApp-de-2024-10-22-as-10.13.36_ee954396-698x1024-1-640x939.jpg 640w, https:\/\/portalv1.com.br\/app\/wp-content\/uploads\/2024\/10\/Imagem-do-WhatsApp-de-2024-10-22-as-10.13.36_ee954396-698x1024-1-300x440.jpg 300w, https:\/\/portalv1.com.br\/app\/wp-content\/uploads\/2024\/10\/Imagem-do-WhatsApp-de-2024-10-22-as-10.13.36_ee954396-698x1024-1.jpg 698w\" sizes=\"auto, (max-width: 600px) 100vw, 600px\" \/><\/a> <a href=\"https:\/\/portalv1.com.br\/app\/wp-content\/uploads\/2024\/10\/Imagem-do-WhatsApp-de-2024-10-22-as-10.43.58_e05c7bfc-707x1024-1.jpg\"><img loading=\"lazy\" decoding=\"async\" class=\"aligncenter size-large wp-image-220789\" src=\"https:\/\/portalv1.com.br\/app\/wp-content\/uploads\/2024\/10\/Imagem-do-WhatsApp-de-2024-10-22-as-10.43.58_e05c7bfc-707x1024-1-640x927.jpg\" alt=\"\" width=\"600\" height=\"869\" srcset=\"https:\/\/portalv1.com.br\/app\/wp-content\/uploads\/2024\/10\/Imagem-do-WhatsApp-de-2024-10-22-as-10.43.58_e05c7bfc-707x1024-1-640x927.jpg 640w, https:\/\/portalv1.com.br\/app\/wp-content\/uploads\/2024\/10\/Imagem-do-WhatsApp-de-2024-10-22-as-10.43.58_e05c7bfc-707x1024-1-300x435.jpg 300w, https:\/\/portalv1.com.br\/app\/wp-content\/uploads\/2024\/10\/Imagem-do-WhatsApp-de-2024-10-22-as-10.43.58_e05c7bfc-707x1024-1.jpg 707w\" sizes=\"auto, (max-width: 600px) 100vw, 600px\" \/><\/a><\/p>\n","protected":false},"excerpt":{"rendered":"<p>A Secretaria de Agricultura e Meio Ambiente de Lagoa do S\u00edtio divulgou o calend\u00e1rio de inscri\u00e7\u00f5es para o Programa Garantia Safra 2024\/2025. As inscri\u00e7\u00f5es ter\u00e3o in\u00edcio na pr\u00f3xima segunda-feira (28),&#8230;<\/p>\n","protected":false},"author":1,"featured_media":220790,"comment_status":"open","ping_status":"open","sticky":false,"template":"","format":"standard","meta":{"ngg_post_thumbnail":0,"footnotes":""},"categories":[243],"tags":[],"class_list":["post-220787","post","type-post","status-publish","format-standard","has-post-thumbnail","hentry","category-geral"],"views":401,"meta_data":{"thumb":"https:\/\/portalv1.com.br\/app\/wp-content\/uploads\/2024\/10\/WhatsApp-Image-2024-10-22-at-22.25.47.jpeg","imagem":{"fullsize":{"url":"https:\/\/portalv1.com.br\/app\/wp-content\/uploads\/2024\/10\/WhatsApp-Image-2024-10-22-at-22.25.47.jpeg","width":901,"height":749},"medium":{"url":"https:\/\/portalv1.com.br\/app\/wp-content\/uploads\/2024\/10\/WhatsApp-Image-2024-10-22-at-22.25.47-300x249.jpeg","width":300,"height":249},"large":{"url":"https:\/\/portalv1.com.br\/app\/wp-content\/uploads\/2024\/10\/WhatsApp-Image-2024-10-22-at-22.25.47-640x532.jpeg","width":640,"height":532},"thumbnail":{"url":"https:\/\/portalv1.com.br\/app\/wp-content\/uploads\/2024\/10\/WhatsApp-Image-2024-10-22-at-22.25.47-100x100.jpeg","width":100,"height":100},"medium_large":{"url":"https:\/\/portalv1.com.br\/app\/wp-content\/uploads\/2024\/10\/WhatsApp-Image-2024-10-22-at-22.25.47-768x638.jpeg","width":768,"height":638}},"data":{"simple":"22\/10\/2024","date_time":"22\/10\/2024 19:27:31","date":"h\u00e1 2 anos"},"chapeu":"Saiba mais","source":"slide"},"_links":{"self":[{"href":"https:\/\/portalv1.com.br\/api\/wp\/v2\/posts\/220787","targetHints":{"allow":["GET"]}}],"collection":[{"href":"https:\/\/portalv1.com.br\/api\/wp\/v2\/posts"}],"about":[{"href":"https:\/\/portalv1.com.br\/api\/wp\/v2\/types\/post"}],"author":[{"embeddable":true,"href":"https:\/\/portalv1.com.br\/api\/wp\/v2\/users\/1"}],"replies":[{"embeddable":true,"href":"https:\/\/portalv1.com.br\/api\/wp\/v2\/comments?post=220787"}],"version-history":[{"count":0,"href":"https:\/\/portalv1.com.br\/api\/wp\/v2\/posts\/220787\/revisions"}],"wp:featuredmedia":[{"embeddable":true,"href":"https:\/\/portalv1.com.br\/api\/wp\/v2\/media\/220790"}],"wp:attachment":[{"href":"https:\/\/portalv1.com.br\/api\/wp\/v2\/media?parent=220787"}],"wp:term":[{"taxonomy":"category","embeddable":true,"href":"https:\/\/portalv1.com.br\/api\/wp\/v2\/categories?post=220787"},{"taxonomy":"post_tag","embeddable":true,"href":"https:\/\/portalv1.com.br\/api\/wp\/v2\/tags?post=220787"}],"curies":[{"name":"wp","href":"https:\/\/api.w.org\/{rel}","templated":true}]}}