{"id":22089,"date":"2015-10-29T07:58:12","date_gmt":"2015-10-29T10:58:12","guid":{"rendered":"https:\/\/portalv1.com.br\/?p=22089"},"modified":"2015-10-29T07:58:12","modified_gmt":"2015-10-29T10:58:12","slug":"prefeitura-de-pimenteiras-realiza-cursos-do-pronatec","status":"publish","type":"post","link":"https:\/\/portalv1.com.br\/prefeitura-de-pimenteiras-realiza-cursos-do-pronatec\/","title":{"rendered":"Prefeitura de Pimenteiras realiza cursos do PRONATEC"},"content":{"rendered":"<figure id=\"attachment_22090\" aria-describedby=\"caption-attachment-22090\" style=\"width: 480px\" class=\"wp-caption aligncenter\"><img loading=\"lazy\" decoding=\"async\" class=\"wp-image-22090\" src=\"https:\/\/portalv1.com.br\/app\/wp-content\/uploads\/2015\/10\/IMG-20151017-WA0004-640x360.jpg\" alt=\"Luis Carlos na companhia do psic\u00f3logo Wilker Mel\u00e3o \" width=\"480\" height=\"270\" srcset=\"https:\/\/portalv1.com.br\/app\/wp-content\/uploads\/2015\/10\/IMG-20151017-WA0004.jpg 640w, https:\/\/portalv1.com.br\/app\/wp-content\/uploads\/2015\/10\/IMG-20151017-WA0004-300x169.jpg 300w\" sizes=\"auto, (max-width: 480px) 100vw, 480px\" \/><figcaption id=\"caption-attachment-22090\" class=\"wp-caption-text\">Luis Carlos na companhia do psic\u00f3logo Wilker Mel\u00e3o<\/figcaption><\/figure>\n<p>Com o intuito de qualificar novos profissionais para o mercado de trabalho, a Prefeitura de Pimenteiras conseguiu pela primeira vez a inclus\u00e3o da cidade em cursos do PRONATEC. Foram oferecidas a popula\u00e7\u00e3o 40 vagas, sendo 20 no curso de Agroecologia em parceria com O UFPI e 20 vagas de Agente de Associativismo e Cooperativismo atrav\u00e9s do IFPI.<\/p>\n<p>De acordo com o secret\u00e1rio de meio ambiente, Luis Carlos Cortez, os dois cursos dar\u00e3o o ponta p\u00e9 inicial na qualifica\u00e7\u00e3o profissional dos pimenteirenses. \u201cEstamos comemorando a celebra\u00e7\u00e3o desses cursos, uma pela import\u00e2ncia da qualifica\u00e7\u00e3o profissional, especialmente pelos diplomas avalizados pelo UFPI e IFPI e a outra porque pela primeira vez na historia de Pimenteiras a cidade consegue emplacar cursos t\u00e9cnicos atrav\u00e9s do PRONATEC\u201d comemorou.<\/p>\n<p>Luis Carlos na companhia do psic\u00f3logo Wilker Mel\u00e3o entregaram as matriculas na sede do IFPI em Valen\u00e7a que marcar\u00e1 nos pr\u00f3ximos dias a aula inaugural do curso de Agroecologia que foi pactuado com a secretaria de assist\u00eancia social de Pimenteiras.<\/p>\n","protected":false},"excerpt":{"rendered":"<p>Com o intuito de qualificar novos profissionais para o mercado de trabalho, a Prefeitura de Pimenteiras conseguiu pela primeira vez a inclus\u00e3o da cidade em cursos do PRONATEC. Foram oferecidas&#8230;<\/p>\n","protected":false},"author":1,"featured_media":0,"comment_status":"open","ping_status":"open","sticky":false,"template":"","format":"standard","meta":{"ngg_post_thumbnail":0,"footnotes":""},"categories":[12],"tags":[],"class_list":["post-22089","post","type-post","status-publish","format-standard","hentry","category-valenca-news"],"views":382,"meta_data":{"thumb":"https:\/\/portalv1.com.br\/app\/wp-content\/uploads\/2015\/10\/IMG-20151017-WA0004.jpg","data":{"simple":"29\/10\/2015","date_time":"29\/10\/2015 04:58:12","date":"h\u00e1 11 anos"},"chapeu":"Ensino t\u00e9cnico ","source":"slide"},"_links":{"self":[{"href":"https:\/\/portalv1.com.br\/api\/wp\/v2\/posts\/22089","targetHints":{"allow":["GET"]}}],"collection":[{"href":"https:\/\/portalv1.com.br\/api\/wp\/v2\/posts"}],"about":[{"href":"https:\/\/portalv1.com.br\/api\/wp\/v2\/types\/post"}],"author":[{"embeddable":true,"href":"https:\/\/portalv1.com.br\/api\/wp\/v2\/users\/1"}],"replies":[{"embeddable":true,"href":"https:\/\/portalv1.com.br\/api\/wp\/v2\/comments?post=22089"}],"version-history":[{"count":0,"href":"https:\/\/portalv1.com.br\/api\/wp\/v2\/posts\/22089\/revisions"}],"wp:attachment":[{"href":"https:\/\/portalv1.com.br\/api\/wp\/v2\/media?parent=22089"}],"wp:term":[{"taxonomy":"category","embeddable":true,"href":"https:\/\/portalv1.com.br\/api\/wp\/v2\/categories?post=22089"},{"taxonomy":"post_tag","embeddable":true,"href":"https:\/\/portalv1.com.br\/api\/wp\/v2\/tags?post=22089"}],"curies":[{"name":"wp","href":"https:\/\/api.w.org\/{rel}","templated":true}]}}