{"id":22096,"date":"2015-10-29T21:00:59","date_gmt":"2015-10-30T00:00:59","guid":{"rendered":"https:\/\/portalv1.com.br\/?p=22096"},"modified":"2015-11-01T11:01:47","modified_gmt":"2015-11-01T14:01:47","slug":"cruz-castro-entrega-documento-para-ministro-da-saude-marcelo-castro","status":"publish","type":"post","link":"https:\/\/portalv1.com.br\/cruz-castro-entrega-documento-para-ministro-da-saude-marcelo-castro\/","title":{"rendered":"Cruz Castro entrega documento para ministro da sa\u00fade Marcelo Castro"},"content":{"rendered":"<figure id=\"attachment_22097\" aria-describedby=\"caption-attachment-22097\" style=\"width: 300px\" class=\"wp-caption alignright\"><img loading=\"lazy\" decoding=\"async\" class=\"size-medium wp-image-22097\" src=\"https:\/\/portalv1.com.br\/app\/wp-content\/uploads\/2015\/10\/DSC_0516-Copy-300x200.jpg\" alt=\"Ministro Marcelo Castro e o presidente Cruz Castro \" width=\"300\" height=\"200\" srcset=\"https:\/\/portalv1.com.br\/app\/wp-content\/uploads\/2015\/10\/DSC_0516-Copy-300x200.jpg 300w, https:\/\/portalv1.com.br\/app\/wp-content\/uploads\/2015\/10\/DSC_0516-Copy.jpg 640w\" sizes=\"auto, (max-width: 300px) 100vw, 300px\" \/><figcaption id=\"caption-attachment-22097\" class=\"wp-caption-text\">Ministro Marcelo Castro e o presidente Cruz Castro<\/figcaption><\/figure>\n<p>O presidente do Sindicato dos Agentes Comunit\u00e1rios de Sa\u00fade e de Endemias Cruz Castro aproveitou a presen\u00e7a do ministro da sa\u00fade Marcelo Castro em Teresina para solicitar o descongelamento do sal\u00e1rio dos agentes de sa\u00fade e de endemias.<\/p>\n<p>O presidente entregou um documento ao ministro com essas e outras reivindica\u00e7\u00f5es.<\/p>\n<p>Para o presidente \u00e9 ineg\u00e1vel os avan\u00e7os conseguidos pela categoria num entanto existe ainda muita disparidade nas categorias.<\/p>\n","protected":false},"excerpt":{"rendered":"<p>O presidente do Sindicato dos Agentes Comunit\u00e1rios de Sa\u00fade e de Endemias Cruz Castro aproveitou a presen\u00e7a do ministro da sa\u00fade Marcelo Castro em Teresina para solicitar o descongelamento do&#8230;<\/p>\n","protected":false},"author":1,"featured_media":0,"comment_status":"open","ping_status":"open","sticky":false,"template":"","format":"standard","meta":{"ngg_post_thumbnail":0,"footnotes":""},"categories":[12],"tags":[],"class_list":["post-22096","post","type-post","status-publish","format-standard","hentry","category-valenca-news"],"views":335,"meta_data":{"thumb":"https:\/\/portalv1.com.br\/app\/wp-content\/uploads\/2015\/10\/DSC_0516-Copy.jpg","data":{"simple":"29\/10\/2015","date_time":"29\/10\/2015 18:00:59","date":"h\u00e1 11 anos"},"chapeu":"ACS","source":"retirar"},"_links":{"self":[{"href":"https:\/\/portalv1.com.br\/api\/wp\/v2\/posts\/22096","targetHints":{"allow":["GET"]}}],"collection":[{"href":"https:\/\/portalv1.com.br\/api\/wp\/v2\/posts"}],"about":[{"href":"https:\/\/portalv1.com.br\/api\/wp\/v2\/types\/post"}],"author":[{"embeddable":true,"href":"https:\/\/portalv1.com.br\/api\/wp\/v2\/users\/1"}],"replies":[{"embeddable":true,"href":"https:\/\/portalv1.com.br\/api\/wp\/v2\/comments?post=22096"}],"version-history":[{"count":0,"href":"https:\/\/portalv1.com.br\/api\/wp\/v2\/posts\/22096\/revisions"}],"wp:attachment":[{"href":"https:\/\/portalv1.com.br\/api\/wp\/v2\/media?parent=22096"}],"wp:term":[{"taxonomy":"category","embeddable":true,"href":"https:\/\/portalv1.com.br\/api\/wp\/v2\/categories?post=22096"},{"taxonomy":"post_tag","embeddable":true,"href":"https:\/\/portalv1.com.br\/api\/wp\/v2\/tags?post=22096"}],"curies":[{"name":"wp","href":"https:\/\/api.w.org\/{rel}","templated":true}]}}