{"id":220998,"date":"2024-10-27T13:34:44","date_gmt":"2024-10-27T16:34:44","guid":{"rendered":"https:\/\/portalv1.com.br\/?p=220998"},"modified":"2024-10-27T13:34:44","modified_gmt":"2024-10-27T16:34:44","slug":"vice-prefeito-de-valenca-rubens-alencar-parabeniza-o-presidente-lula-no-dia-do-seu-aniversario","status":"publish","type":"post","link":"https:\/\/portalv1.com.br\/vice-prefeito-de-valenca-rubens-alencar-parabeniza-o-presidente-lula-no-dia-do-seu-aniversario\/","title":{"rendered":"Vice-prefeito de Valen\u00e7a, Rubens Alencar parabeniza o presidente Lula no dia do seu aniversario"},"content":{"rendered":"<p>O vice-prefeito reeleito de Valen\u00e7a do Piau\u00ed, Rubens Alencar parabenizou o presidente Lula (PT) que completa 79 anos neste domingo, 27 de outubro.<\/p>\n<p>\u201cHoje \u00e9 um dia especial para o Brasil, um dia especial para a democracia, um dia especial para os homens pol\u00edticos estadistas. Antes de dizer de que se trata, eu quero observar, n\u00e3o para mim, mas para muitas pessoas, a diferen\u00e7a do pol\u00edtico, politiqueiro, aquele que s\u00f3 acorda na \u00faltima hora em cima da elei\u00e7\u00e3o, desesperado, buscando todos os meios para renovar o mandato, aquele que, por falta de ter se preocupado com o pr\u00f3ximo, por falta de ter assumido responsabilidade para com sua gente e por falta de ter trabalhado em busca de melhorar os a vida das pessoas, aparece na pol\u00edtica desesperado. Esse \u00e9 o pol\u00edtico, politiqueiro\u201d disse Rubens Alencar que completou.<\/p>\n<p>\u201cO estadista \u00e9 aquele pol\u00edtico que pensa nas pr\u00f3ximas gera\u00e7\u00f5es, que as suas a\u00e7\u00f5es t\u00eam como prop\u00f3sito melhorar a vida das pessoas no momento em que elas vivem e tamb\u00e9m garantir ao futuro, ao futuro das fam\u00edlias, uma vida melhor. Aquele que constr\u00f3i universidade, que trabalha a gera\u00e7\u00e3o de emprego e renda. Aquele pol\u00edtico que luta para dar e criar as condi\u00e7\u00f5es da fam\u00edlia ter sua casa pr\u00f3pria, aquele que respeita todos, independente de cor, ra\u00e7a, posi\u00e7\u00e3o social, pol\u00edtica, este \u00e9 o estadista\u201d, apontou sobre a diferen\u00e7a e destacou a figura do presidente.<\/p>\n<p>\u201cEstou falando de Luiz In\u00e1cio Lula da Silva, que hoje, aos 79 anos, est\u00e1 governando o nosso pa\u00eds e a gente est\u00e1 deixando de lado o \u00f3dio e o rancor e as coisas est\u00e3o come\u00e7ando a se mostrar como deve ser. Respeitando o pr\u00f3ximo. Construindo casas populares, abrindo institutos federais, Gerando emprego, trazendo o Brasil para condi\u00e7\u00f5es de respeito mundial, trazendo o Brasil para a oitava economia do mundo, sendo algu\u00e9m respeitado e se fazendo respeitar e respeitando a todos. Ent\u00e3o, eu estou falando de um estadista\u201d frisou Rubens Alencar que concluiu.<\/p>\n<p>\u201cEu sou muito feliz por ser brasileiro, por conhecer a hist\u00f3ria desse homem, por conhecer a hist\u00f3ria do nosso pa\u00eds. Por ser ativo e atuante na vida pol\u00edtica h\u00e1 mais de 40 anos e poder estar analisando o andar da carruagem pelo resultado daquilo que ela est\u00e1 transportando, daquilo que ela est\u00e1 produzindo. Ent\u00e3o, Lul\u00e3o, um abra\u00e7o a\u00ed do seu amigo, seu colega aqui, do PSD de Valen\u00e7a na pessoa do nosso deputado Georgiano do nosso deputado federal J\u00falio C\u00e9sar e da sua esposa, senadora Jussara, em nome do nosso prefeito de Valen\u00e7a, desejar a\u00ed muitos anos de vida, muita sa\u00fade, paz e que voc\u00ea continue com esse prop\u00f3sito cada vez mais determinado, em deixar seu legado\u201d concluiu.<\/p>\n<p>Lula \u00e9 o presidente brasileiro mais velho a ocupar o Pal\u00e1cio do Planalto, ultrapassando Michel Temer (MDB), que deixou a Presid\u00eancia aos 78 anos e tr\u00eas meses.<\/p>\n<p>Em 27 de outubro de 2002, Lula foi eleito pela primeira vez&nbsp; aos 57 anos de idade. Lula assumiu o segundo mandato em 1\u00ba de janeiro de 2007 e em 2022 foi eleito para seu terceiro mandado. Lula nasceu em Garanhuns (PE) em 27 de outubro de 1945.<a href=\"https:\/\/portalv1.com.br\/app\/wp-content\/uploads\/2024\/10\/rubens.jpeg\"><img loading=\"lazy\" decoding=\"async\" class=\"aligncenter size-full wp-image-220999\" src=\"https:\/\/portalv1.com.br\/app\/wp-content\/uploads\/2024\/10\/rubens.jpeg\" alt=\"\" width=\"467\" height=\"427\" srcset=\"https:\/\/portalv1.com.br\/app\/wp-content\/uploads\/2024\/10\/rubens.jpeg 467w, https:\/\/portalv1.com.br\/app\/wp-content\/uploads\/2024\/10\/rubens-300x274.jpeg 300w\" sizes=\"auto, (max-width: 467px) 100vw, 467px\" \/><\/a><\/p>\n","protected":false},"excerpt":{"rendered":"<p>O vice-prefeito reeleito de Valen\u00e7a do Piau\u00ed, Rubens Alencar parabenizou o presidente Lula (PT) que completa 79 anos neste domingo, 27 de outubro. \u201cHoje \u00e9 um dia especial para o&#8230;<\/p>\n","protected":false},"author":1,"featured_media":220999,"comment_status":"open","ping_status":"open","sticky":false,"template":"","format":"standard","meta":{"ngg_post_thumbnail":0,"footnotes":""},"categories":[243],"tags":[],"class_list":["post-220998","post","type-post","status-publish","format-standard","has-post-thumbnail","hentry","category-geral"],"views":504,"meta_data":{"thumb":"https:\/\/portalv1.com.br\/app\/wp-content\/uploads\/2024\/10\/rubens.jpeg","imagem":{"fullsize":{"url":"https:\/\/portalv1.com.br\/app\/wp-content\/uploads\/2024\/10\/rubens.jpeg","width":467,"height":427},"medium":{"url":"https:\/\/portalv1.com.br\/app\/wp-content\/uploads\/2024\/10\/rubens-300x274.jpeg","width":300,"height":274},"thumbnail":{"url":"https:\/\/portalv1.com.br\/app\/wp-content\/uploads\/2024\/10\/rubens-100x100.jpeg","width":100,"height":100}},"data":{"simple":"27\/10\/2024","date_time":"27\/10\/2024 10:34:44","date":"h\u00e1 2 anos"},"chapeu":"Saiba mais","source":"m_destacada"},"_links":{"self":[{"href":"https:\/\/portalv1.com.br\/api\/wp\/v2\/posts\/220998","targetHints":{"allow":["GET"]}}],"collection":[{"href":"https:\/\/portalv1.com.br\/api\/wp\/v2\/posts"}],"about":[{"href":"https:\/\/portalv1.com.br\/api\/wp\/v2\/types\/post"}],"author":[{"embeddable":true,"href":"https:\/\/portalv1.com.br\/api\/wp\/v2\/users\/1"}],"replies":[{"embeddable":true,"href":"https:\/\/portalv1.com.br\/api\/wp\/v2\/comments?post=220998"}],"version-history":[{"count":0,"href":"https:\/\/portalv1.com.br\/api\/wp\/v2\/posts\/220998\/revisions"}],"wp:featuredmedia":[{"embeddable":true,"href":"https:\/\/portalv1.com.br\/api\/wp\/v2\/media\/220999"}],"wp:attachment":[{"href":"https:\/\/portalv1.com.br\/api\/wp\/v2\/media?parent=220998"}],"wp:term":[{"taxonomy":"category","embeddable":true,"href":"https:\/\/portalv1.com.br\/api\/wp\/v2\/categories?post=220998"},{"taxonomy":"post_tag","embeddable":true,"href":"https:\/\/portalv1.com.br\/api\/wp\/v2\/tags?post=220998"}],"curies":[{"name":"wp","href":"https:\/\/api.w.org\/{rel}","templated":true}]}}