{"id":221057,"date":"2024-10-28T21:32:21","date_gmt":"2024-10-29T00:32:21","guid":{"rendered":"https:\/\/portalv1.com.br\/?p=221057"},"modified":"2024-10-28T23:07:58","modified_gmt":"2024-10-29T02:07:58","slug":"prefeitura-de-valenca-emite-nota-sobre-oferta-do-ensino-fundamental-pelo-governo-do-estado","status":"publish","type":"post","link":"https:\/\/portalv1.com.br\/prefeitura-de-valenca-emite-nota-sobre-oferta-do-ensino-fundamental-pelo-governo-do-estado\/","title":{"rendered":"Prefeitura de Valen\u00e7a emite nota sobre oferta do ensino fundamental pelo Governo do Estado"},"content":{"rendered":"<p>A Prefeitura de Valen\u00e7a do Piau\u00ed, atrav\u00e9s da Secretaria Municipal de Educa\u00e7\u00e3o publicou uma nota acerca de um movimento liderados por pais de alunos do Ceti Maria Antonieta Torres dos Reis Veloso que buscam por meio de abaixo-assinado sensibilizar o Governo do Estado a manter a oferta para o pr\u00f3ximo ano do Ensino Fundamental na escola. A a\u00e7\u00e3o veio ap\u00f3s a Seduc informar que a partir de 2025 o 6\u00ba ano n\u00e3o ser\u00e1 mais ofertado na escola.&nbsp;<\/p>\n<p>\u201cRessalta-se que esta decis\u00e3o tem amparo legal, uma vez que a LDB 9394\/96 em seu artigo 11 afirma que os munic\u00edpios tem que oferecer com prioridade o ensino fundamental e no artigo 10 que trata das incumb\u00eancias do Estado, afirma que os estados devem ofertar com prioridade o ensino m\u00e9dio e profissionalizante\u201d, informa a nota que continua.<\/p>\n<p>\u201cContudo, a n\u00e3o oferta dos anos finais ocorrer\u00e1 de forma gradativa, sendo que no ano de 2025 apenas o 6\u2070 ano n\u00e3o ser\u00e1 ofertado na rede estadual de ensino\u201d, explica nota assinada pela secret\u00e1ria de educa\u00e7\u00e3o Iara Costa. Ainda sobre o tema, o documento lembra acerca dos investimentos que a Prefeitura Municipal vem realizando para melhorar ainda mais a qualidade do ensino fundamental na rede municipal.<\/p>\n<p>\u201cO prefeito Marcelo Costa vem ao longo da sua gest\u00e3o investindo nas escolas por meio de constru\u00e7\u00e3o de quadra poliesportivas cobertas,&nbsp; amplia\u00e7\u00e3o e constru\u00e7\u00e3o de salas de aulas, climatiza\u00e7\u00e3o de salas e entrega de materiais, tais como: computadores, notebooks, data show, carteiras, e forma\u00e7\u00e3o de professores entre outros, visando a melhoria da qualidade do ensino e a implementa\u00e7\u00e3o da educa\u00e7\u00e3o de tempo integral, nas quais j\u00e1 s\u00e3o ofertados tr\u00eas dias por semana em escolas de anos iniciais e finais\u201d, refor\u00e7a a nota que conclui dizendo.<\/p>\n<p>\u201cAssim sendo, o munic\u00edpio j\u00e1 vem se adequando para receber todos os alunos da sua incumb\u00eancia, ou seja, da educa\u00e7\u00e3o infantil e ensino fundamental anos iniciais e finais com oferta de ensino de qualidade, visando a forma\u00e7\u00e3o integral dos estudantes\u201d, conclui.<\/p>\n<p>&nbsp;<\/p>\n<p><em><strong>Veja a nota na integra.&nbsp;<\/strong><\/em><\/p>\n<p><strong>Nota de Esclarecimento sobre o fim da oferta de ensino fundamental anos finais nas escolas estaduais.<\/strong><\/p>\n<p>A Secretaria Municipal de Educa\u00e7\u00e3o, em nome da secret\u00e1ria Iara Costa, vem, por meio deste ve\u00edculo de informa\u00e7\u00e3o, tornar p\u00fablico os fatos acerca do fim da oferta de ensino fundamental anos finais na Rede Estadual de Educa\u00e7\u00e3o no munic\u00edpio de Valen\u00e7a do Piau\u00ed.<\/p>\n<p>Primeiramente, a decis\u00e3o de n\u00e3o mais ofertar o ensino fundamental anos finais partiu da SEDUC (Secretaria de Estado da Educa\u00e7\u00e3o), n\u00e3o tendo a Secretaria Municipal de Educa\u00e7\u00e3o sugerido, tampouco exigido tal medida, tendo sido apenas comunicada desta decis\u00e3o.<\/p>\n<p>Ressalta-se que esta decis\u00e3o tem amparo legal, uma vez que a Lei de Diretrizes e Bases da Educa\u00e7\u00e3o &#8211; LDB, Lei 9394\/96, em seu artigo 11, afirma que os munic\u00edpios tem que oferecer com prioridade o ensino fundamental. No artigo 10 da mesma lei, que trata das incumb\u00eancias do Estado, afirma que os estados devem ofertar com prioridade o ensino m\u00e9dio e profissionalizante.<\/p>\n<p>Desta forma, a SEDUC apenas est\u00e1 cumprindo a lei que regimenta a educa\u00e7\u00e3o.<\/p>\n<p>Contudo, a n\u00e3o oferta dos anos finais ocorrer\u00e1 de forma gradativa, sendo que no ano de 2025 apenas o 6\u2070 ano n\u00e3o ser\u00e1 ofertado na Rede Estadual de Ensino.<\/p>\n<p>Para finalizar este esclarecimento, \u00e9 importante ressaltar que o prefeito Marcelo Costa vem, ao longo da sua gest\u00e3o, investindo nas escolas por meio de constru\u00e7\u00e3o de quadras poliesportivas cobertas, amplia\u00e7\u00e3o e constru\u00e7\u00e3o de salas de aulas, climatiza\u00e7\u00e3o de salas e entrega de materiais, tais como: computadores, notebooks, datashow, carteiras, e forma\u00e7\u00e3o de professores entre outros, visando a melhoria da qualidade do ensino e a implementa\u00e7\u00e3o da educa\u00e7\u00e3o de tempo integral, nas quais j\u00e1 s\u00e3o ofertados tr\u00eas dias por semana em escolas de anos iniciais e finais.<\/p>\n<p>Assim sendo, o munic\u00edpio j\u00e1 vem se adequando para receber todos os alunos da sua incumb\u00eancia, ou seja, da educa\u00e7\u00e3o infantil e ensino fundamental anos iniciais e finais com oferta de ensino de qualidade, visando a forma\u00e7\u00e3o integral dos estudantes.<\/p>\n","protected":false},"excerpt":{"rendered":"<p>A Prefeitura de Valen\u00e7a do Piau\u00ed, atrav\u00e9s da Secretaria Municipal de Educa\u00e7\u00e3o publicou uma nota acerca de um movimento liderados por pais de alunos do Ceti Maria Antonieta Torres dos&#8230;<\/p>\n","protected":false},"author":1,"featured_media":97665,"comment_status":"open","ping_status":"open","sticky":false,"template":"","format":"standard","meta":{"ngg_post_thumbnail":0,"footnotes":""},"categories":[243],"tags":[],"class_list":["post-221057","post","type-post","status-publish","format-standard","has-post-thumbnail","hentry","category-geral"],"views":1508,"meta_data":{"thumb":"https:\/\/portalv1.com.br\/app\/wp-content\/uploads\/2021\/08\/valenca-do-piaui.jpg","imagem":{"fullsize":{"url":"https:\/\/portalv1.com.br\/app\/wp-content\/uploads\/2021\/08\/valenca-do-piaui.jpg","width":1280,"height":720},"medium":{"url":"https:\/\/portalv1.com.br\/app\/wp-content\/uploads\/2021\/08\/valenca-do-piaui-300x169.jpg","width":300,"height":169},"large":{"url":"https:\/\/portalv1.com.br\/app\/wp-content\/uploads\/2021\/08\/valenca-do-piaui-640x360.jpg","width":640,"height":360},"thumbnail":{"url":"https:\/\/portalv1.com.br\/app\/wp-content\/uploads\/2021\/08\/valenca-do-piaui-100x100.jpg","width":100,"height":100},"medium_large":{"url":"https:\/\/portalv1.com.br\/app\/wp-content\/uploads\/2021\/08\/valenca-do-piaui-768x432.jpg","width":768,"height":432}},"data":{"simple":"28\/10\/2024","date_time":"28\/10\/2024 18:32:21","date":"h\u00e1 2 anos"},"chapeu":"Saiba mais","source":"slide"},"_links":{"self":[{"href":"https:\/\/portalv1.com.br\/api\/wp\/v2\/posts\/221057","targetHints":{"allow":["GET"]}}],"collection":[{"href":"https:\/\/portalv1.com.br\/api\/wp\/v2\/posts"}],"about":[{"href":"https:\/\/portalv1.com.br\/api\/wp\/v2\/types\/post"}],"author":[{"embeddable":true,"href":"https:\/\/portalv1.com.br\/api\/wp\/v2\/users\/1"}],"replies":[{"embeddable":true,"href":"https:\/\/portalv1.com.br\/api\/wp\/v2\/comments?post=221057"}],"version-history":[{"count":0,"href":"https:\/\/portalv1.com.br\/api\/wp\/v2\/posts\/221057\/revisions"}],"wp:featuredmedia":[{"embeddable":true,"href":"https:\/\/portalv1.com.br\/api\/wp\/v2\/media\/97665"}],"wp:attachment":[{"href":"https:\/\/portalv1.com.br\/api\/wp\/v2\/media?parent=221057"}],"wp:term":[{"taxonomy":"category","embeddable":true,"href":"https:\/\/portalv1.com.br\/api\/wp\/v2\/categories?post=221057"},{"taxonomy":"post_tag","embeddable":true,"href":"https:\/\/portalv1.com.br\/api\/wp\/v2\/tags?post=221057"}],"curies":[{"name":"wp","href":"https:\/\/api.w.org\/{rel}","templated":true}]}}