{"id":222129,"date":"2024-11-10T21:05:10","date_gmt":"2024-11-11T00:05:10","guid":{"rendered":"https:\/\/portalv1.com.br\/?p=222129"},"modified":"2024-11-10T21:05:10","modified_gmt":"2024-11-11T00:05:10","slug":"ifpi-valenca-tem-acoes-da-semana-nacional-da-ciencia-e-tecnologia","status":"publish","type":"post","link":"https:\/\/portalv1.com.br\/ifpi-valenca-tem-acoes-da-semana-nacional-da-ciencia-e-tecnologia\/","title":{"rendered":"IFPI Valen\u00e7a tem a\u00e7\u00f5es da Semana Nacional da Ci\u00eancia e Tecnologia"},"content":{"rendered":"<p class=\"western\" align=\"justify\">Nos dias 13 e 14 de novembro, o Campus Valen\u00e7a integra a programa\u00e7\u00e3o da&nbsp;21\u00aa Semana Nacional de Ci\u00eancia e Tecnologia (SNCT), parceria com o Minist\u00e9rio da Ci\u00eancia e Tecnologia (MCTI) e Conselho Nacional de Desenvolvimento Cient\u00edfico e Tecnol\u00f3gico&nbsp;(CNPQ).<\/p>\n<p class=\"western\" align=\"justify\">O tema da edi\u00e7\u00e3o&nbsp;2024&nbsp;\u00e9 &#8220;Biomas do Brasil: diversidade, saberes e tecnologias sociais&#8221;,&nbsp;e&nbsp;segundo a Coordenadora de Pesquisa, P\u00f3s Gradua\u00e7\u00e3o e Inova\u00e7\u00e3o do campus Valen\u00e7a, Leanne Silva de Sousa,&nbsp;o&nbsp;evento tem como objetivo popularizar a ci\u00eancia e incentivar a inova\u00e7\u00e3o tecnol\u00f3gica. \u201cA Semana promove o interc\u00e2mbio de conhecimentos e o engajamento acad\u00eamico em torno do desenvolvimento cient\u00edfico e tecnol\u00f3gico. O evento \u00e9 uma iniciativa nacional que envolve uma s\u00e9rie de atividades, como palestras, exposi\u00e7\u00f5es e oficinas, tamb\u00e9m visa estimular o interesse pela ci\u00eancia entre os jovens e a participa\u00e7\u00e3o ativa da comunidade na produ\u00e7\u00e3o e aplica\u00e7\u00e3o do conhecimento\u201d,&nbsp;enfatizou a professora.<\/p>\n<p class=\"western\" align=\"justify\">Confira&nbsp;a p<a class=\"internal-link\" title=\"\" href=\"https:\/\/www.ifpi.edu.br\/valenca\/noticias\/PROGRAMAO.jpg\" target=\"_self\" rel=\"noopener\">rograma\u00e7\u00e3o completa<\/a>&nbsp;e o&nbsp;<a class=\"internal-link\" title=\"\" href=\"https:\/\/www.ifpi.edu.br\/valenca\/noticias\/RegulamentoSNCTifpi2024.pdf\" target=\"_self\" rel=\"noopener\">regulamento do evento.<\/a><\/p>\n<p class=\"western\" align=\"justify\">Fa\u00e7a sua&nbsp;<a class=\"external-link\" title=\"\" href=\"https:\/\/suap.ifpi.edu.br\/eventos\/inscricao\/1881\/\" target=\"_self\" rel=\"noopener\">inscri\u00e7\u00e3o.<\/a><\/p>\n","protected":false},"excerpt":{"rendered":"<p>Nos dias 13 e 14 de novembro, o Campus Valen\u00e7a integra a programa\u00e7\u00e3o da&nbsp;21\u00aa Semana Nacional de Ci\u00eancia e Tecnologia (SNCT), parceria com o Minist\u00e9rio da Ci\u00eancia e Tecnologia (MCTI)&#8230;<\/p>\n","protected":false},"author":1,"featured_media":222130,"comment_status":"open","ping_status":"open","sticky":false,"template":"","format":"standard","meta":{"ngg_post_thumbnail":0,"footnotes":""},"categories":[243],"tags":[],"class_list":["post-222129","post","type-post","status-publish","format-standard","has-post-thumbnail","hentry","category-geral"],"views":164,"meta_data":{"thumb":"https:\/\/portalv1.com.br\/app\/wp-content\/uploads\/2024\/11\/SEMANA.png","imagem":{"fullsize":{"url":"https:\/\/portalv1.com.br\/app\/wp-content\/uploads\/2024\/11\/SEMANA.png","width":750,"height":425},"medium":{"url":"https:\/\/portalv1.com.br\/app\/wp-content\/uploads\/2024\/11\/SEMANA-300x170.png","width":300,"height":170},"large":{"url":"https:\/\/portalv1.com.br\/app\/wp-content\/uploads\/2024\/11\/SEMANA-640x363.png","width":640,"height":363},"thumbnail":{"url":"https:\/\/portalv1.com.br\/app\/wp-content\/uploads\/2024\/11\/SEMANA-100x100.png","width":100,"height":100}},"data":{"simple":"10\/11\/2024","date_time":"10\/11\/2024 18:05:10","date":"h\u00e1 1 ano"},"chapeu":"Saiba mais","source":"m_destacada"},"_links":{"self":[{"href":"https:\/\/portalv1.com.br\/api\/wp\/v2\/posts\/222129","targetHints":{"allow":["GET"]}}],"collection":[{"href":"https:\/\/portalv1.com.br\/api\/wp\/v2\/posts"}],"about":[{"href":"https:\/\/portalv1.com.br\/api\/wp\/v2\/types\/post"}],"author":[{"embeddable":true,"href":"https:\/\/portalv1.com.br\/api\/wp\/v2\/users\/1"}],"replies":[{"embeddable":true,"href":"https:\/\/portalv1.com.br\/api\/wp\/v2\/comments?post=222129"}],"version-history":[{"count":0,"href":"https:\/\/portalv1.com.br\/api\/wp\/v2\/posts\/222129\/revisions"}],"wp:featuredmedia":[{"embeddable":true,"href":"https:\/\/portalv1.com.br\/api\/wp\/v2\/media\/222130"}],"wp:attachment":[{"href":"https:\/\/portalv1.com.br\/api\/wp\/v2\/media?parent=222129"}],"wp:term":[{"taxonomy":"category","embeddable":true,"href":"https:\/\/portalv1.com.br\/api\/wp\/v2\/categories?post=222129"},{"taxonomy":"post_tag","embeddable":true,"href":"https:\/\/portalv1.com.br\/api\/wp\/v2\/tags?post=222129"}],"curies":[{"name":"wp","href":"https:\/\/api.w.org\/{rel}","templated":true}]}}