{"id":22217,"date":"2015-11-16T17:29:57","date_gmt":"2015-11-16T20:29:57","guid":{"rendered":"https:\/\/portalv1.com.br\/?p=22217"},"modified":"2015-11-16T21:34:25","modified_gmt":"2015-11-17T00:34:25","slug":"prefeitura-de-valenca-esta-com-fpm-bloqueado-saiba-o-motivo","status":"publish","type":"post","link":"https:\/\/portalv1.com.br\/prefeitura-de-valenca-esta-com-fpm-bloqueado-saiba-o-motivo\/","title":{"rendered":"Prefeitura de Valen\u00e7a est\u00e1 com FPM bloqueado. Saiba o motivo"},"content":{"rendered":"<p><img loading=\"lazy\" decoding=\"async\" class=\"alignright size-medium wp-image-22218\" src=\"https:\/\/portalv1.com.br\/app\/wp-content\/uploads\/2015\/11\/valenca-300x225.jpg\" alt=\"valen\u00e7a\" width=\"300\" height=\"225\" srcset=\"https:\/\/portalv1.com.br\/app\/wp-content\/uploads\/2015\/11\/valenca-300x225.jpg 300w, https:\/\/portalv1.com.br\/app\/wp-content\/uploads\/2015\/11\/valenca-640x480.jpg 640w, https:\/\/portalv1.com.br\/app\/wp-content\/uploads\/2015\/11\/valenca.jpg 960w\" sizes=\"auto, (max-width: 300px) 100vw, 300px\" \/>A Prefeitura de Valen\u00e7a do Piau\u00ed est\u00e1 com o Fundo de Participa\u00e7\u00e3o dos Munic\u00edpios (FPM) bloqueado pela SRF &#8211; Secretaria da Receita Federal, atrav\u00e9s do SIAFI, por falta de pagamento de encargos e tributos (INSS e PASEP).<\/p>\n<p>Com as contas bloqueadas a cidade fica sem acesso aos recursos do FPM, apesar do credito poder ser visualizado atrav\u00e9s do extrato banc\u00e1rio, no entanto este n\u00e3o poder\u00e1 ser sacado ou transferido.<\/p>\n<p>De acordo com o contador Geovane Vieira para ter acesso ao dinheiro a prefeitura precisa identificar o debito e depois regularizar as pendencias fiscais junto a Receita Federal e pedir o desbloqueio das contas. Veja consulta abaixo realizada dia 14\/11<\/p>\n<p><img loading=\"lazy\" decoding=\"async\" class=\"aligncenter size-large wp-image-22219\" src=\"https:\/\/portalv1.com.br\/app\/wp-content\/uploads\/2015\/11\/fazenda--640x480.jpg\" alt=\"fazenda\" width=\"640\" height=\"480\" srcset=\"https:\/\/portalv1.com.br\/app\/wp-content\/uploads\/2015\/11\/fazenda-.jpg 640w, https:\/\/portalv1.com.br\/app\/wp-content\/uploads\/2015\/11\/fazenda--300x225.jpg 300w\" sizes=\"auto, (max-width: 640px) 100vw, 640px\" \/><\/p>\n","protected":false},"excerpt":{"rendered":"<p>A Prefeitura de Valen\u00e7a do Piau\u00ed est\u00e1 com o Fundo de Participa\u00e7\u00e3o dos Munic\u00edpios (FPM) bloqueado pela SRF &#8211; Secretaria da Receita Federal, atrav\u00e9s do SIAFI, por falta de pagamento&#8230;<\/p>\n","protected":false},"author":1,"featured_media":0,"comment_status":"open","ping_status":"open","sticky":false,"template":"","format":"standard","meta":{"ngg_post_thumbnail":0,"footnotes":""},"categories":[12],"tags":[],"class_list":["post-22217","post","type-post","status-publish","format-standard","hentry","category-valenca-news"],"views":1097,"meta_data":{"thumb":"https:\/\/portalv1.com.br\/app\/wp-content\/uploads\/2015\/11\/valenca.jpg","data":{"simple":"16\/11\/2015","date_time":"16\/11\/2015 14:29:57","date":"h\u00e1 10 anos"},"chapeu":"INSS e PASEP","source":"slide"},"_links":{"self":[{"href":"https:\/\/portalv1.com.br\/api\/wp\/v2\/posts\/22217","targetHints":{"allow":["GET"]}}],"collection":[{"href":"https:\/\/portalv1.com.br\/api\/wp\/v2\/posts"}],"about":[{"href":"https:\/\/portalv1.com.br\/api\/wp\/v2\/types\/post"}],"author":[{"embeddable":true,"href":"https:\/\/portalv1.com.br\/api\/wp\/v2\/users\/1"}],"replies":[{"embeddable":true,"href":"https:\/\/portalv1.com.br\/api\/wp\/v2\/comments?post=22217"}],"version-history":[{"count":0,"href":"https:\/\/portalv1.com.br\/api\/wp\/v2\/posts\/22217\/revisions"}],"wp:attachment":[{"href":"https:\/\/portalv1.com.br\/api\/wp\/v2\/media?parent=22217"}],"wp:term":[{"taxonomy":"category","embeddable":true,"href":"https:\/\/portalv1.com.br\/api\/wp\/v2\/categories?post=22217"},{"taxonomy":"post_tag","embeddable":true,"href":"https:\/\/portalv1.com.br\/api\/wp\/v2\/tags?post=22217"}],"curies":[{"name":"wp","href":"https:\/\/api.w.org\/{rel}","templated":true}]}}