{"id":22239,"date":"2015-11-19T10:31:18","date_gmt":"2015-11-19T13:31:18","guid":{"rendered":"https:\/\/portalv1.com.br\/?p=22239"},"modified":"2015-11-21T10:10:57","modified_gmt":"2015-11-21T13:10:57","slug":"eleicao-da-subsecao-da-oab-pi-sera-neste-sabado-duas-chapas-disputam-presidencia","status":"publish","type":"post","link":"https:\/\/portalv1.com.br\/eleicao-da-subsecao-da-oab-pi-sera-neste-sabado-duas-chapas-disputam-presidencia\/","title":{"rendered":"Elei\u00e7\u00e3o da Subse\u00e7\u00e3o da OAB-PI ser\u00e1 neste s\u00e1bado. Duas chapas disputam presid\u00eancia"},"content":{"rendered":"<figure id=\"attachment_22240\" aria-describedby=\"caption-attachment-22240\" style=\"width: 485px\" class=\"wp-caption aligncenter\"><a href=\"https:\/\/portalv1.com.br\/app\/wp-content\/uploads\/2015\/11\/jose-itamar-u.jpg\"><img loading=\"lazy\" decoding=\"async\" class=\"wp-image-22240\" src=\"https:\/\/portalv1.com.br\/app\/wp-content\/uploads\/2015\/11\/jose-itamar-u-640x480.jpg\" alt=\"Dr. Renato Satiro e Dr. Jos\u00e9 Itamar candidatos a presidentes. \" width=\"485\" height=\"364\" srcset=\"https:\/\/portalv1.com.br\/app\/wp-content\/uploads\/2015\/11\/jose-itamar-u.jpg 640w, https:\/\/portalv1.com.br\/app\/wp-content\/uploads\/2015\/11\/jose-itamar-u-300x225.jpg 300w\" sizes=\"auto, (max-width: 485px) 100vw, 485px\" \/><\/a><figcaption id=\"caption-attachment-22240\" class=\"wp-caption-text\">Dr. Renato Satiro e Dr. Jos\u00e9 Itamar candidatos a presidentes.<\/figcaption><\/figure>\n<p>Os candidatos a presidente da Subse\u00e7\u00e3o da OAB-PI de Valen\u00e7a do Piau\u00ed Dr. Jos\u00e9 Itamar (Chapa 1) e Dr. Renato Satiro (Chapa 2) est\u00e3o nos \u00faltimos preparativos para a elei\u00e7\u00e3o que acontece nesse s\u00e1bado, 21 de novembro na sede da subse\u00e7\u00e3o, na Avenida Joaquim Manoel, pr\u00f3ximo a Eletrobr\u00e1s.<\/p>\n<p>A elei\u00e7\u00e3o ser\u00e1 realizada com urnas eletr\u00f4nicas e acontecer\u00e1 de 09h \u00e0s 17h. De acordo com a lista divulgada pela OAB Piau\u00ed est\u00e3o aptos a votarem na subse\u00e7\u00e3o valenciana 40 advogados.<\/p>\n<p>No \u00e2mbito estadual duas chapas tamb\u00e9m concorrem a presid\u00eancia da OAB-PI, a Chapa 1 liderada pelo advogado Dr. Sigifroi Moreno e a Chapa 2, que tem a frente o advogado Dr. Chico Lucas.<\/p>\n<p>Cada chapa da subse\u00e7\u00e3o \u00e9 formada por cinco membros. A Chapa 1 tem como presidente o advogado Dr. Jos\u00e9 Itamar, Dr\u00aa Martalene (vice-presidenta), Dr\u00aa Graciane (secret\u00e1ria), Dr. Felipe (secret\u00e1rio adjunto) e Dr. Mauro Lima Verde como candidato a tesoureiro.<\/p>\n<p>A Chapa 2 tem o Dr. Renato Satiro como presidente, Dr. Dam\u00e1sio Ara\u00fajo como vice, Dr. Jander Nogueira (secret\u00e1rio), Dr. Jo\u00e3o Lacerda (secret\u00e1rio adjunto) e Dr. Markus Nogueira como candidato a tesoureiro. A elei\u00e7\u00e3o \u00e9 obrigat\u00f3ria e que n\u00e3o puder votar ter\u00e1 30 dias para se justificar, caso contrario pagar\u00e1 multa correspondente a 20% da anuidade.<\/p>\n","protected":false},"excerpt":{"rendered":"<p>Os candidatos a presidente da Subse\u00e7\u00e3o da OAB-PI de Valen\u00e7a do Piau\u00ed Dr. Jos\u00e9 Itamar (Chapa 1) e Dr. Renato Satiro (Chapa 2) est\u00e3o nos \u00faltimos preparativos para a elei\u00e7\u00e3o&#8230;<\/p>\n","protected":false},"author":1,"featured_media":0,"comment_status":"open","ping_status":"open","sticky":false,"template":"","format":"standard","meta":{"ngg_post_thumbnail":0,"footnotes":""},"categories":[12],"tags":[],"class_list":["post-22239","post","type-post","status-publish","format-standard","hentry","category-valenca-news"],"views":505,"meta_data":{"thumb":"https:\/\/portalv1.com.br\/app\/wp-content\/uploads\/2015\/11\/jose-itamar-u.jpg","data":{"simple":"19\/11\/2015","date_time":"19\/11\/2015 07:31:18","date":"h\u00e1 10 anos"},"chapeu":"Disputa ","source":"foto_menor"},"_links":{"self":[{"href":"https:\/\/portalv1.com.br\/api\/wp\/v2\/posts\/22239","targetHints":{"allow":["GET"]}}],"collection":[{"href":"https:\/\/portalv1.com.br\/api\/wp\/v2\/posts"}],"about":[{"href":"https:\/\/portalv1.com.br\/api\/wp\/v2\/types\/post"}],"author":[{"embeddable":true,"href":"https:\/\/portalv1.com.br\/api\/wp\/v2\/users\/1"}],"replies":[{"embeddable":true,"href":"https:\/\/portalv1.com.br\/api\/wp\/v2\/comments?post=22239"}],"version-history":[{"count":0,"href":"https:\/\/portalv1.com.br\/api\/wp\/v2\/posts\/22239\/revisions"}],"wp:attachment":[{"href":"https:\/\/portalv1.com.br\/api\/wp\/v2\/media?parent=22239"}],"wp:term":[{"taxonomy":"category","embeddable":true,"href":"https:\/\/portalv1.com.br\/api\/wp\/v2\/categories?post=22239"},{"taxonomy":"post_tag","embeddable":true,"href":"https:\/\/portalv1.com.br\/api\/wp\/v2\/tags?post=22239"}],"curies":[{"name":"wp","href":"https:\/\/api.w.org\/{rel}","templated":true}]}}