{"id":22249,"date":"2015-11-21T08:57:44","date_gmt":"2015-11-21T11:57:44","guid":{"rendered":"https:\/\/portalv1.com.br\/?p=22249"},"modified":"2015-11-24T11:05:52","modified_gmt":"2015-11-24T14:05:52","slug":"natal-solidario-em-valenca-sera-dia-25-de-dezembro","status":"publish","type":"post","link":"https:\/\/portalv1.com.br\/natal-solidario-em-valenca-sera-dia-25-de-dezembro\/","title":{"rendered":"Natal Solid\u00e1rio em Valen\u00e7a ser\u00e1 dia 25 de dezembro"},"content":{"rendered":"<figure id=\"attachment_22250\" aria-describedby=\"caption-attachment-22250\" style=\"width: 300px\" class=\"wp-caption alignright\"><a href=\"https:\/\/portalv1.com.br\/app\/wp-content\/uploads\/2015\/11\/dsc_0811.jpg\"><img loading=\"lazy\" decoding=\"async\" class=\"size-medium wp-image-22250\" src=\"https:\/\/portalv1.com.br\/app\/wp-content\/uploads\/2015\/11\/dsc_0811-300x200.jpg\" alt=\"Igreja de S\u00e3o Benedito \" width=\"300\" height=\"200\" srcset=\"https:\/\/portalv1.com.br\/app\/wp-content\/uploads\/2015\/11\/dsc_0811-300x200.jpg 300w, https:\/\/portalv1.com.br\/app\/wp-content\/uploads\/2015\/11\/dsc_0811.jpg 640w\" sizes=\"auto, (max-width: 300px) 100vw, 300px\" \/><\/a><figcaption id=\"caption-attachment-22250\" class=\"wp-caption-text\">Igreja de S\u00e3o Benedito<\/figcaption><\/figure>\n<p>O dia de Natal ser\u00e1 mais uma vez inesquec\u00edvel para muitas crian\u00e7as valencianas. Est\u00e1 confirmado para \u00e0s 17h do dia 25 de dezembro, no espa\u00e7o externo da Igreja de S\u00e3o Benedito, o 3\u00ba Natal Solid\u00e1rio de Valen\u00e7a organizado por um grupo de pessoas com o apoio da Igreja Cat\u00f3lica.<\/p>\n<p>De acordo com a fisioterapeuta Dr\u00aa Maria dos Rem\u00e9dios, o evento solid\u00e1rio ser\u00e1 realizado pelo terceiro ano consecutivo em Valen\u00e7a com o objetivo de arrecadar brinquedos para serem distribu\u00eddos para as crian\u00e7as carentes valencianas, onde muitas delas por falta de condi\u00e7\u00f5es das fam\u00edlias n\u00e3o recebem esse presente no dia de Natal.<\/p>\n<p>As pessoas interessadas em doar esses presentes podem deix\u00e1-los na secretaria da Igreja de Nossa Senhora do \u00d3 e Concei\u00e7\u00e3o, na Panificadora Quality com a senhora Ivete Lima Verde ou na Clinica de Fisioterapia Esfera. A expectativa da organiza\u00e7\u00e3o \u00e9 de arrecadar muitos presentes repetindo o sucesso dos dois anos anteriores.<\/p>\n","protected":false},"excerpt":{"rendered":"<p>O dia de Natal ser\u00e1 mais uma vez inesquec\u00edvel para muitas crian\u00e7as valencianas. Est\u00e1 confirmado para \u00e0s 17h do dia 25 de dezembro, no espa\u00e7o externo da Igreja de S\u00e3o&#8230;<\/p>\n","protected":false},"author":1,"featured_media":0,"comment_status":"open","ping_status":"open","sticky":false,"template":"","format":"standard","meta":{"ngg_post_thumbnail":0,"footnotes":""},"categories":[245,12],"tags":[],"class_list":["post-22249","post","type-post","status-publish","format-standard","hentry","category-entretenimento","category-valenca-news"],"views":858,"meta_data":{"thumb":"https:\/\/portalv1.com.br\/app\/wp-content\/uploads\/2015\/11\/dsc_0811.jpg","data":{"simple":"21\/11\/2015","date_time":"21\/11\/2015 05:57:44","date":"h\u00e1 10 anos"},"chapeu":"Venha participal ","source":"retirar"},"_links":{"self":[{"href":"https:\/\/portalv1.com.br\/api\/wp\/v2\/posts\/22249","targetHints":{"allow":["GET"]}}],"collection":[{"href":"https:\/\/portalv1.com.br\/api\/wp\/v2\/posts"}],"about":[{"href":"https:\/\/portalv1.com.br\/api\/wp\/v2\/types\/post"}],"author":[{"embeddable":true,"href":"https:\/\/portalv1.com.br\/api\/wp\/v2\/users\/1"}],"replies":[{"embeddable":true,"href":"https:\/\/portalv1.com.br\/api\/wp\/v2\/comments?post=22249"}],"version-history":[{"count":0,"href":"https:\/\/portalv1.com.br\/api\/wp\/v2\/posts\/22249\/revisions"}],"wp:attachment":[{"href":"https:\/\/portalv1.com.br\/api\/wp\/v2\/media?parent=22249"}],"wp:term":[{"taxonomy":"category","embeddable":true,"href":"https:\/\/portalv1.com.br\/api\/wp\/v2\/categories?post=22249"},{"taxonomy":"post_tag","embeddable":true,"href":"https:\/\/portalv1.com.br\/api\/wp\/v2\/tags?post=22249"}],"curies":[{"name":"wp","href":"https:\/\/api.w.org\/{rel}","templated":true}]}}