{"id":22251,"date":"2015-11-21T10:10:25","date_gmt":"2015-11-21T13:10:25","guid":{"rendered":"https:\/\/portalv1.com.br\/?p=22251"},"modified":"2015-11-21T10:10:25","modified_gmt":"2015-11-21T13:10:25","slug":"agricultores-de-pimenteiras-ja-estao-recebendo-o-garantia-safra","status":"publish","type":"post","link":"https:\/\/portalv1.com.br\/agricultores-de-pimenteiras-ja-estao-recebendo-o-garantia-safra\/","title":{"rendered":"Agricultores de Pimenteiras j\u00e1 est\u00e3o recebendo o Garantia Safra"},"content":{"rendered":"<figure id=\"attachment_22252\" aria-describedby=\"caption-attachment-22252\" style=\"width: 300px\" class=\"wp-caption alignright\"><a href=\"https:\/\/portalv1.com.br\/app\/wp-content\/uploads\/2015\/11\/portalv1-762.jpg\"><img loading=\"lazy\" decoding=\"async\" class=\"size-medium wp-image-22252\" src=\"https:\/\/portalv1.com.br\/app\/wp-content\/uploads\/2015\/11\/portalv1-762-300x200.jpg\" alt=\"Em Pimenteiras o Garantia Safra beneficiar\u00e1 1978 agricultores \" width=\"300\" height=\"200\" srcset=\"https:\/\/portalv1.com.br\/app\/wp-content\/uploads\/2015\/11\/portalv1-762-300x200.jpg 300w, https:\/\/portalv1.com.br\/app\/wp-content\/uploads\/2015\/11\/portalv1-762.jpg 640w\" sizes=\"auto, (max-width: 300px) 100vw, 300px\" \/><\/a><figcaption id=\"caption-attachment-22252\" class=\"wp-caption-text\">Em Pimenteiras o Garantia Safra beneficiar\u00e1 1978 agricultores<\/figcaption><\/figure>\n<p>Os 1.987 agricultores pimenteirenses cadastrados no Garantia Safra j\u00e1 come\u00e7aram a receber a primeira parcela do programa no munic\u00edpio. O pagamento \u00e9 dividido em 5 parcelas de R$ 170 reais. O pagamento teve inicio nessa ter\u00e7a-feira (17), atrav\u00e9s da Portaria 51, publicada no Dia Oficial da Uni\u00e3o.<\/p>\n<p>De acordo com o secret\u00e1rio de agricultura Reinaldo Paiva, a libera\u00e7\u00e3o do Garantia Safra ir\u00e1 amenizar o impacto da seca que prejudicou a produ\u00e7\u00e3o local. Ele enfatizou que al\u00e9m do Garantia Safra, a prefeitura de Pimenteiras vem desenvolvendo outras a\u00e7\u00f5es de ajuda aos agricultores como \u00e9 o caso do Programa de Aquisi\u00e7\u00e3o de Alimentos (PAA), que est\u00e1 comprando produtos da agricultura familiar e distribuindo para as fam\u00edlias carentes do munic\u00edpio.<\/p>\n<p>Reinaldo Paiva disse ainda que a prefeitura espera a libera\u00e7\u00e3o de projetos em Bras\u00edlia que auxiliar\u00e3o no combate a seca como a perfura\u00e7\u00e3o de po\u00e7os. Ele afirmou que o prefeito Venicio do \u00d3 vem tentando a libera\u00e7\u00e3o desses projetos que ser\u00e3o importantes na conviv\u00eancia do agricultor pimenteirense nesse per\u00edodo de estiagem no semi\u00e1rido piauiense.<\/p>\n","protected":false},"excerpt":{"rendered":"<p>Os 1.987 agricultores pimenteirenses cadastrados no Garantia Safra j\u00e1 come\u00e7aram a receber a primeira parcela do programa no munic\u00edpio. O pagamento \u00e9 dividido em 5 parcelas de R$ 170 reais&#8230;.<\/p>\n","protected":false},"author":1,"featured_media":0,"comment_status":"open","ping_status":"open","sticky":false,"template":"","format":"standard","meta":{"ngg_post_thumbnail":0,"footnotes":""},"categories":[12],"tags":[],"class_list":["post-22251","post","type-post","status-publish","format-standard","hentry","category-valenca-news"],"views":303,"meta_data":{"thumb":"https:\/\/portalv1.com.br\/app\/wp-content\/uploads\/2015\/11\/portalv1-762.jpg","data":{"simple":"21\/11\/2015","date_time":"21\/11\/2015 07:10:25","date":"h\u00e1 10 anos"},"chapeu":"Investimentos ","source":"slide"},"_links":{"self":[{"href":"https:\/\/portalv1.com.br\/api\/wp\/v2\/posts\/22251","targetHints":{"allow":["GET"]}}],"collection":[{"href":"https:\/\/portalv1.com.br\/api\/wp\/v2\/posts"}],"about":[{"href":"https:\/\/portalv1.com.br\/api\/wp\/v2\/types\/post"}],"author":[{"embeddable":true,"href":"https:\/\/portalv1.com.br\/api\/wp\/v2\/users\/1"}],"replies":[{"embeddable":true,"href":"https:\/\/portalv1.com.br\/api\/wp\/v2\/comments?post=22251"}],"version-history":[{"count":0,"href":"https:\/\/portalv1.com.br\/api\/wp\/v2\/posts\/22251\/revisions"}],"wp:attachment":[{"href":"https:\/\/portalv1.com.br\/api\/wp\/v2\/media?parent=22251"}],"wp:term":[{"taxonomy":"category","embeddable":true,"href":"https:\/\/portalv1.com.br\/api\/wp\/v2\/categories?post=22251"},{"taxonomy":"post_tag","embeddable":true,"href":"https:\/\/portalv1.com.br\/api\/wp\/v2\/tags?post=22251"}],"curies":[{"name":"wp","href":"https:\/\/api.w.org\/{rel}","templated":true}]}}