{"id":22260,"date":"2015-11-23T08:18:00","date_gmt":"2015-11-23T11:18:00","guid":{"rendered":"https:\/\/portalv1.com.br\/?p=22260"},"modified":"2015-11-23T23:54:17","modified_gmt":"2015-11-24T02:54:17","slug":"valenca-de-luto-morre-comerciante-toizim","status":"publish","type":"post","link":"https:\/\/portalv1.com.br\/valenca-de-luto-morre-comerciante-toizim\/","title":{"rendered":"Corpo do amigo Toizim \u00e9 sepultado"},"content":{"rendered":"<figure id=\"attachment_22261\" aria-describedby=\"caption-attachment-22261\" style=\"width: 425px\" class=\"wp-caption aligncenter\"><a href=\"https:\/\/portalv1.com.br\/app\/wp-content\/uploads\/2015\/11\/toizim-f.jpg\"><img loading=\"lazy\" decoding=\"async\" class=\"wp-image-22261\" src=\"https:\/\/portalv1.com.br\/app\/wp-content\/uploads\/2015\/11\/toizim-f-640x480.jpg\" alt=\"Toizim\" width=\"425\" height=\"319\" srcset=\"https:\/\/portalv1.com.br\/app\/wp-content\/uploads\/2015\/11\/toizim-f.jpg 640w, https:\/\/portalv1.com.br\/app\/wp-content\/uploads\/2015\/11\/toizim-f-300x225.jpg 300w\" sizes=\"auto, (max-width: 425px) 100vw, 425px\" \/><\/a><figcaption id=\"caption-attachment-22261\" class=\"wp-caption-text\">Toizim<\/figcaption><\/figure>\n<p><strong>Atualizada as 22h<\/strong><\/p>\n<p>Uma grande multid\u00e3o formada por familiares e amigos prestigiaram o vel\u00f3rio e a missa de corpo presente do comerciante Toizim que faleceu neste domingo em Teresina com problemas renais. O cortejo de sua resid\u00eancia at\u00e9 a Matriz de Nossa Senhora do \u00d3 e Concei\u00e7\u00e3o chamou aten\u00e7\u00e3o pela quantidade de pessoas que foram se despedir do amigo que era muito conhecido em Valen\u00e7a.<\/p>\n<p>&nbsp;<\/p>\n<p>Faleceu neste domingo, 22 de novembro em Teresina o comerciante Toizim em estava internado na capital devido a problemas de sa\u00fade. Seu corpo est\u00e1 sendo velado em sua resid\u00eancia na Rua 1\u00ba de Maio, pr\u00f3ximo ao Crovapi.<\/p>\n<p>Muito conhecido em Valen\u00e7a por sua posi\u00e7\u00e3o sempre ativa ele vinha lutando com problemas nos rins. O corpo chegou a Valen\u00e7a por volta das 4h desta segunda-feira (23) e segundo os familiares o sepultamento dever\u00e1 acontecer depois das 16h. Ele deixa esposa e filho.<a href=\"https:\/\/portalv1.com.br\/app\/wp-content\/uploads\/2015\/11\/FB_IMG_1448333307658.jpg\"><img loading=\"lazy\" decoding=\"async\" class=\"aligncenter wp-image-22269 size-full\" src=\"https:\/\/portalv1.com.br\/app\/wp-content\/uploads\/2015\/11\/FB_IMG_1448333307658.jpg\" alt=\"FB_IMG_1448333307658\" width=\"480\" height=\"640\" srcset=\"https:\/\/portalv1.com.br\/app\/wp-content\/uploads\/2015\/11\/FB_IMG_1448333307658.jpg 480w, https:\/\/portalv1.com.br\/app\/wp-content\/uploads\/2015\/11\/FB_IMG_1448333307658-300x400.jpg 300w\" sizes=\"auto, (max-width: 480px) 100vw, 480px\" \/><\/a><\/p>\n<p><a href=\"https:\/\/portalv1.com.br\/app\/wp-content\/uploads\/2015\/11\/DSC_0600.jpg\"><img loading=\"lazy\" decoding=\"async\" class=\"aligncenter wp-image-22268\" src=\"https:\/\/portalv1.com.br\/app\/wp-content\/uploads\/2015\/11\/DSC_0600-640x427.jpg\" alt=\"????????????????????????????????????\" width=\"500\" height=\"334\" srcset=\"https:\/\/portalv1.com.br\/app\/wp-content\/uploads\/2015\/11\/DSC_0600.jpg 640w, https:\/\/portalv1.com.br\/app\/wp-content\/uploads\/2015\/11\/DSC_0600-300x200.jpg 300w\" sizes=\"auto, (max-width: 500px) 100vw, 500px\" \/><\/a><\/p>\n<figure id=\"attachment_22261\" aria-describedby=\"caption-attachment-22261\" style=\"width: 500px\" class=\"wp-caption aligncenter\"><a href=\"https:\/\/portalv1.com.br\/app\/wp-content\/uploads\/2015\/11\/toizim-f.jpg\"><img loading=\"lazy\" decoding=\"async\" class=\"wp-image-22261\" src=\"https:\/\/portalv1.com.br\/app\/wp-content\/uploads\/2015\/11\/toizim-f-640x480.jpg\" alt=\"Toizim\" width=\"500\" height=\"375\" srcset=\"https:\/\/portalv1.com.br\/app\/wp-content\/uploads\/2015\/11\/toizim-f.jpg 640w, https:\/\/portalv1.com.br\/app\/wp-content\/uploads\/2015\/11\/toizim-f-300x225.jpg 300w\" sizes=\"auto, (max-width: 500px) 100vw, 500px\" \/><\/a><figcaption id=\"caption-attachment-22261\" class=\"wp-caption-text\">Toizim<\/figcaption><\/figure>\n","protected":false},"excerpt":{"rendered":"<p>Atualizada as 22h Uma grande multid\u00e3o formada por familiares e amigos prestigiaram o vel\u00f3rio e a missa de corpo presente do comerciante Toizim que faleceu neste domingo em Teresina com&#8230;<\/p>\n","protected":false},"author":1,"featured_media":0,"comment_status":"open","ping_status":"open","sticky":false,"template":"","format":"standard","meta":{"ngg_post_thumbnail":0,"footnotes":""},"categories":[12],"tags":[],"class_list":["post-22260","post","type-post","status-publish","format-standard","hentry","category-valenca-news"],"views":3565,"meta_data":{"thumb":"https:\/\/portalv1.com.br\/app\/wp-content\/uploads\/2015\/11\/toizim-f.jpg","data":{"simple":"23\/11\/2015","date_time":"23\/11\/2015 05:18:00","date":"h\u00e1 10 anos"},"chapeu":"Luto ","source":"m_destacada"},"_links":{"self":[{"href":"https:\/\/portalv1.com.br\/api\/wp\/v2\/posts\/22260","targetHints":{"allow":["GET"]}}],"collection":[{"href":"https:\/\/portalv1.com.br\/api\/wp\/v2\/posts"}],"about":[{"href":"https:\/\/portalv1.com.br\/api\/wp\/v2\/types\/post"}],"author":[{"embeddable":true,"href":"https:\/\/portalv1.com.br\/api\/wp\/v2\/users\/1"}],"replies":[{"embeddable":true,"href":"https:\/\/portalv1.com.br\/api\/wp\/v2\/comments?post=22260"}],"version-history":[{"count":0,"href":"https:\/\/portalv1.com.br\/api\/wp\/v2\/posts\/22260\/revisions"}],"wp:attachment":[{"href":"https:\/\/portalv1.com.br\/api\/wp\/v2\/media?parent=22260"}],"wp:term":[{"taxonomy":"category","embeddable":true,"href":"https:\/\/portalv1.com.br\/api\/wp\/v2\/categories?post=22260"},{"taxonomy":"post_tag","embeddable":true,"href":"https:\/\/portalv1.com.br\/api\/wp\/v2\/tags?post=22260"}],"curies":[{"name":"wp","href":"https:\/\/api.w.org\/{rel}","templated":true}]}}