{"id":222645,"date":"2024-11-20T11:23:51","date_gmt":"2024-11-20T14:23:51","guid":{"rendered":"https:\/\/portalv1.com.br\/?p=222645"},"modified":"2024-11-20T11:26:07","modified_gmt":"2024-11-20T14:26:07","slug":"filho-de-valenciano-assume-presidencia-do-tribunal-regional-do-trabalho-da-22a-regiao","status":"publish","type":"post","link":"https:\/\/portalv1.com.br\/filho-de-valenciano-assume-presidencia-do-tribunal-regional-do-trabalho-da-22a-regiao\/","title":{"rendered":"Filho de valenciano assume presid\u00eancia do Tribunal Regional do Trabalho da 22\u00aa Regi\u00e3o"},"content":{"rendered":"\n<p>O desembargador T\u00e9ssio da Silva T\u00f4rres foi eleito nesta ter\u00e7a-feira (19) presidente do Tribunal Regional do Trabalho da 22\u00aa Regi\u00e3o (TRT-22) para o bi\u00eanio 2025\/2026. A vice-presid\u00eancia ser\u00e1 ocupada pela desembargadora Basili\u00e7a Alves da Silva, que tamb\u00e9m assumir\u00e1 a fun\u00e7\u00e3o de corregedora. A elei\u00e7\u00e3o ocorreu durante sess\u00e3o extraordin\u00e1ria do Tribunal Pleno. T\u00e9ssio T\u00f4rres \u00e9 filho do casal coronel Torres e Lucia Fatima e neto da ex-vereadora de Valen\u00e7a Helena Torres. Ele tem 39 anos de idade.<\/p>\n\n\n\n<p>T\u00e9ssio Torres agradeceu pela elei\u00e7\u00e3o. &#8220;Agrade\u00e7o aos pares pela confian\u00e7a em mim depositada, bem como aos servidores do Tribunal, \u00e0 minha fam\u00edlia e aos amigos. Nos pr\u00f3ximos dois anos de gest\u00e3o, vamos trabalhar intensamente e nos dedicar para fortalecer a Justi\u00e7a do Trabalho e, em especial, o TRT-22&#8221;, disse.<\/p>\n\n\n\n<p>O atual presidente do Tribunal, desembargador Marco Aur\u00e9lio Lustosa Caminha, assumir\u00e1, a partir do pr\u00f3ximo ano, o cargo de diretor da Escola Judicial (Ejud-22). J\u00e1 a Ouvidoria do TRT-22 ficar\u00e1 sob a responsabilidade da desembargadora Liana Ferraz de Carvalho. A posse dos dirigentes ser\u00e1 realizada no dia 11 de dezembro, \u00e0s 18h, no audit\u00f3rio Serra da Capivara.<\/p>\n\n\n\n<p><strong>Curr\u00edculo do novo presidente<\/strong><\/p>\n\n\n\n<p>T\u00e9ssio da Silva T\u00f4rres \u00e9 desembargador do TRT-22 desde julho de 2022, ocupando a vaga destinada \u00e0 advocacia pelo quinto constitucional. \u00c9 o atual vice-presidente e corregedor do Tribunal. Atuou como advogado nas \u00e1reas trabalhista e c\u00edvel de 2008 a 2022. \u00c9 especialista em Direito e Processo do Trabalho e em Direito Processual Civil. Al\u00e9m disso, leciona em cursos de p\u00f3s-gradua\u00e7\u00e3o em institui\u00e7\u00f5es de ensino superior privadas de Teresina. Tamb\u00e9m j\u00e1 foi professor de gradua\u00e7\u00e3o em Direito, nas disciplinas de Direito Administrativo, Direito Processual Civil, Direito do Trabalho, Processo Trabalhista e Pr\u00e1tica do Trabalho.<\/p>\n\n\n\n<p>T\u00e9ssio exerceu o cargo de assessor jur\u00eddico chefe da Funda\u00e7\u00e3o Municipal de Sa\u00fade de Teresina (2009-2015) e foi membro do Tribunal de \u00c9tica e Disciplina da OAB\/PI (2013-2017). Foi, ainda, presidente da Associa\u00e7\u00e3o dos Advogados Trabalhistas do Estado do Piau\u00ed (2018-2021) e secret\u00e1rio-geral adjunto da Associa\u00e7\u00e3o de Advogados Trabalhistas (2020-2022).<\/p>\n\n\n<div class=\"ngg-galleryoverview\" id=\"1\">\n              <div data-widget=\"Galeria\" data-props=\"{&quot;galeria&quot;:{&quot;max_page&quot;:1,&quot;total&quot;:6,&quot;gallery_id&quot;:1,&quot;images&quot;:[{&quot;thumbcode&quot;:&quot;https:\\\/\\\/portalv1.com.br\\\/app\\\/wp-content\\\/uploads\\\/2024\\\/11\\\/3-400x250.png&quot;,&quot;imageURL&quot;:&quot;https:\\\/\\\/portalv1.com.br\\\/app\\\/wp-content\\\/uploads\\\/2024\\\/11\\\/3.png&quot;,&quot;pid&quot;:222646,&quot;galleryid&quot;:1,&quot;description&quot;:&quot;&quot;,&quot;alttext&quot;:&quot;Filho de valenciano assume presid\\u00eancia do Tribunal Regional do Trabalho da 22\\u00aa Regi\\u00e3o&quot;,&quot;thumbnailURL&quot;:&quot;https:\\\/\\\/portalv1.com.br\\\/app\\\/wp-content\\\/uploads\\\/2024\\\/11\\\/3-400x250.png&quot;,&quot;style&quot;:&quot;&quot;},{&quot;thumbcode&quot;:&quot;https:\\\/\\\/portalv1.com.br\\\/app\\\/wp-content\\\/uploads\\\/2024\\\/11\\\/4-400x250.png&quot;,&quot;imageURL&quot;:&quot;https:\\\/\\\/portalv1.com.br\\\/app\\\/wp-content\\\/uploads\\\/2024\\\/11\\\/4.png&quot;,&quot;pid&quot;:222647,&quot;galleryid&quot;:1,&quot;description&quot;:&quot;&quot;,&quot;alttext&quot;:&quot;Filho de valenciano assume presid\\u00eancia do Tribunal Regional do Trabalho da 22\\u00aa Regi\\u00e3o&quot;,&quot;thumbnailURL&quot;:&quot;https:\\\/\\\/portalv1.com.br\\\/app\\\/wp-content\\\/uploads\\\/2024\\\/11\\\/4-400x250.png&quot;,&quot;style&quot;:&quot;&quot;},{&quot;thumbcode&quot;:&quot;https:\\\/\\\/portalv1.com.br\\\/app\\\/wp-content\\\/uploads\\\/2024\\\/11\\\/5-400x250.png&quot;,&quot;imageURL&quot;:&quot;https:\\\/\\\/portalv1.com.br\\\/app\\\/wp-content\\\/uploads\\\/2024\\\/11\\\/5.png&quot;,&quot;pid&quot;:222648,&quot;galleryid&quot;:1,&quot;description&quot;:&quot;&quot;,&quot;alttext&quot;:&quot;Filho de valenciano assume presid\\u00eancia do Tribunal Regional do Trabalho da 22\\u00aa Regi\\u00e3o&quot;,&quot;thumbnailURL&quot;:&quot;https:\\\/\\\/portalv1.com.br\\\/app\\\/wp-content\\\/uploads\\\/2024\\\/11\\\/5-400x250.png&quot;,&quot;style&quot;:&quot;&quot;},{&quot;thumbcode&quot;:&quot;https:\\\/\\\/portalv1.com.br\\\/app\\\/wp-content\\\/uploads\\\/2024\\\/11\\\/WhatsApp-Image-2024-11-20-at-11.17.30-400x250.jpeg&quot;,&quot;imageURL&quot;:&quot;https:\\\/\\\/portalv1.com.br\\\/app\\\/wp-content\\\/uploads\\\/2024\\\/11\\\/WhatsApp-Image-2024-11-20-at-11.17.30.jpeg&quot;,&quot;pid&quot;:222650,&quot;galleryid&quot;:1,&quot;description&quot;:&quot;&quot;,&quot;alttext&quot;:&quot;Filho de valenciano assume presid\\u00eancia do Tribunal Regional do Trabalho da 22\\u00aa Regi\\u00e3o&quot;,&quot;thumbnailURL&quot;:&quot;https:\\\/\\\/portalv1.com.br\\\/app\\\/wp-content\\\/uploads\\\/2024\\\/11\\\/WhatsApp-Image-2024-11-20-at-11.17.30-400x250.jpeg&quot;,&quot;style&quot;:&quot;&quot;},{&quot;thumbcode&quot;:&quot;https:\\\/\\\/portalv1.com.br\\\/app\\\/wp-content\\\/uploads\\\/2024\\\/11\\\/WhatsApp-Image-2024-11-20-at-11.15.53-400x250.jpeg&quot;,&quot;imageURL&quot;:&quot;https:\\\/\\\/portalv1.com.br\\\/app\\\/wp-content\\\/uploads\\\/2024\\\/11\\\/WhatsApp-Image-2024-11-20-at-11.15.53.jpeg&quot;,&quot;pid&quot;:222651,&quot;galleryid&quot;:1,&quot;description&quot;:&quot;&quot;,&quot;alttext&quot;:&quot;Filho de valenciano assume presid\\u00eancia do Tribunal Regional do Trabalho da 22\\u00aa Regi\\u00e3o&quot;,&quot;thumbnailURL&quot;:&quot;https:\\\/\\\/portalv1.com.br\\\/app\\\/wp-content\\\/uploads\\\/2024\\\/11\\\/WhatsApp-Image-2024-11-20-at-11.15.53-400x250.jpeg&quot;,&quot;style&quot;:&quot;&quot;},{&quot;thumbcode&quot;:&quot;https:\\\/\\\/portalv1.com.br\\\/app\\\/wp-content\\\/uploads\\\/2024\\\/11\\\/WhatsApp-Image-2024-11-20-at-11.21.30-400x250.jpeg&quot;,&quot;imageURL&quot;:&quot;https:\\\/\\\/portalv1.com.br\\\/app\\\/wp-content\\\/uploads\\\/2024\\\/11\\\/WhatsApp-Image-2024-11-20-at-11.21.30.jpeg&quot;,&quot;pid&quot;:222652,&quot;galleryid&quot;:1,&quot;description&quot;:&quot;&quot;,&quot;alttext&quot;:&quot;Filho de valenciano assume presid\\u00eancia do Tribunal Regional do Trabalho da 22\\u00aa Regi\\u00e3o&quot;,&quot;thumbnailURL&quot;:&quot;https:\\\/\\\/portalv1.com.br\\\/app\\\/wp-content\\\/uploads\\\/2024\\\/11\\\/WhatsApp-Image-2024-11-20-at-11.21.30-400x250.jpeg&quot;,&quot;style&quot;:&quot;&quot;}]}}\"><\/div>\n            <\/div>\n\n<figure class=\"wp-block-post-featured-image\"><img loading=\"lazy\" decoding=\"async\" width=\"790\" height=\"525\" src=\"https:\/\/portalv1.com.br\/app\/wp-content\/uploads\/2024\/11\/738ec86568440978088ec3654dd1dbb8.jpg\" class=\"attachment-post-thumbnail size-post-thumbnail wp-post-image\" alt=\"\" style=\"object-fit:cover;\" srcset=\"https:\/\/portalv1.com.br\/app\/wp-content\/uploads\/2024\/11\/738ec86568440978088ec3654dd1dbb8.jpg 790w, https:\/\/portalv1.com.br\/app\/wp-content\/uploads\/2024\/11\/738ec86568440978088ec3654dd1dbb8-300x199.jpg 300w, https:\/\/portalv1.com.br\/app\/wp-content\/uploads\/2024\/11\/738ec86568440978088ec3654dd1dbb8-640x425.jpg 640w, https:\/\/portalv1.com.br\/app\/wp-content\/uploads\/2024\/11\/738ec86568440978088ec3654dd1dbb8-768x510.jpg 768w\" sizes=\"auto, (max-width: 790px) 100vw, 790px\" \/><\/figure>","protected":false},"excerpt":{"rendered":"<p>O desembargador T\u00e9ssio da Silva T\u00f4rres foi eleito nesta ter\u00e7a-feira (19) presidente do Tribunal Regional do Trabalho da 22\u00aa Regi\u00e3o (TRT-22) para o bi\u00eanio 2025\/2026. A vice-presid\u00eancia ser\u00e1 ocupada pela&#8230;<\/p>\n","protected":false},"author":1,"featured_media":222649,"comment_status":"open","ping_status":"open","sticky":false,"template":"","format":"standard","meta":{"ngg_post_thumbnail":0,"footnotes":""},"categories":[243],"tags":[],"class_list":["post-222645","post","type-post","status-publish","format-standard","has-post-thumbnail","hentry","category-geral"],"views":1759,"meta_data":{"thumb":"https:\/\/portalv1.com.br\/app\/wp-content\/uploads\/2024\/11\/738ec86568440978088ec3654dd1dbb8.jpg","imagem":{"fullsize":{"url":"https:\/\/portalv1.com.br\/app\/wp-content\/uploads\/2024\/11\/738ec86568440978088ec3654dd1dbb8.jpg","width":790,"height":525},"medium":{"url":"https:\/\/portalv1.com.br\/app\/wp-content\/uploads\/2024\/11\/738ec86568440978088ec3654dd1dbb8-300x199.jpg","width":300,"height":199},"large":{"url":"https:\/\/portalv1.com.br\/app\/wp-content\/uploads\/2024\/11\/738ec86568440978088ec3654dd1dbb8-640x425.jpg","width":640,"height":425},"thumbnail":{"url":"https:\/\/portalv1.com.br\/app\/wp-content\/uploads\/2024\/11\/738ec86568440978088ec3654dd1dbb8-100x100.jpg","width":100,"height":100},"medium_large":{"url":"https:\/\/portalv1.com.br\/app\/wp-content\/uploads\/2024\/11\/738ec86568440978088ec3654dd1dbb8-768x510.jpg","width":768,"height":510}},"data":{"simple":"20\/11\/2024","date_time":"20\/11\/2024 08:23:51","date":"h\u00e1 1 ano"},"chapeu":"Veja detalhes ","source":"slide"},"_links":{"self":[{"href":"https:\/\/portalv1.com.br\/api\/wp\/v2\/posts\/222645","targetHints":{"allow":["GET"]}}],"collection":[{"href":"https:\/\/portalv1.com.br\/api\/wp\/v2\/posts"}],"about":[{"href":"https:\/\/portalv1.com.br\/api\/wp\/v2\/types\/post"}],"author":[{"embeddable":true,"href":"https:\/\/portalv1.com.br\/api\/wp\/v2\/users\/1"}],"replies":[{"embeddable":true,"href":"https:\/\/portalv1.com.br\/api\/wp\/v2\/comments?post=222645"}],"version-history":[{"count":0,"href":"https:\/\/portalv1.com.br\/api\/wp\/v2\/posts\/222645\/revisions"}],"wp:featuredmedia":[{"embeddable":true,"href":"https:\/\/portalv1.com.br\/api\/wp\/v2\/media\/222649"}],"wp:attachment":[{"href":"https:\/\/portalv1.com.br\/api\/wp\/v2\/media?parent=222645"}],"wp:term":[{"taxonomy":"category","embeddable":true,"href":"https:\/\/portalv1.com.br\/api\/wp\/v2\/categories?post=222645"},{"taxonomy":"post_tag","embeddable":true,"href":"https:\/\/portalv1.com.br\/api\/wp\/v2\/tags?post=222645"}],"curies":[{"name":"wp","href":"https:\/\/api.w.org\/{rel}","templated":true}]}}