{"id":222878,"date":"2024-11-25T11:24:19","date_gmt":"2024-11-25T14:24:19","guid":{"rendered":"https:\/\/portalv1.com.br\/?p=222878"},"modified":"2024-11-25T11:24:20","modified_gmt":"2024-11-25T14:24:20","slug":"abastecimento-de-agua-sera-interrompido-em-pimenteiras-nesta-terca-informa-agespisa","status":"publish","type":"post","link":"https:\/\/portalv1.com.br\/abastecimento-de-agua-sera-interrompido-em-pimenteiras-nesta-terca-informa-agespisa\/","title":{"rendered":"Abastecimento de \u00e1gua ser\u00e1 interrompido em Pimenteiras nesta ter\u00e7a, informa Agespisa"},"content":{"rendered":"\n<p>A Agespisa informou que o abastecimento de \u00e1gua na cidade de Pimenteiras ser\u00e1 interrompido a partir das 7h da manha desta ter\u00e7a-feira, 26 de novembro para a realiza\u00e7\u00e3o de um servi\u00e7o de corre\u00e7\u00e3o de um vazamento na rede de distribui\u00e7\u00e3o no centro da cidade. Ainda segundo a concessionaria, a previs\u00e3o \u00e9 que a partir do meio-dia, o abastecimento seja retomado gradativamente.<\/p>\n\n\n\n<figure class=\"wp-block-image size-large\"><img loading=\"lazy\" decoding=\"async\" width=\"640\" height=\"1138\" src=\"https:\/\/portalv1.com.br\/app\/wp-content\/uploads\/2024\/11\/WhatsApp-Image-2024-11-25-at-10.13.09-640x1138.jpeg\" alt=\"\" class=\"wp-image-222879\" srcset=\"https:\/\/portalv1.com.br\/app\/wp-content\/uploads\/2024\/11\/WhatsApp-Image-2024-11-25-at-10.13.09-640x1138.jpeg 640w, https:\/\/portalv1.com.br\/app\/wp-content\/uploads\/2024\/11\/WhatsApp-Image-2024-11-25-at-10.13.09-300x533.jpeg 300w, https:\/\/portalv1.com.br\/app\/wp-content\/uploads\/2024\/11\/WhatsApp-Image-2024-11-25-at-10.13.09.jpeg 720w\" sizes=\"auto, (max-width: 640px) 100vw, 640px\" \/><\/figure>\n\n\n<figure class=\"wp-block-post-featured-image\"><img loading=\"lazy\" decoding=\"async\" width=\"775\" height=\"640\" src=\"https:\/\/portalv1.com.br\/app\/wp-content\/uploads\/2024\/10\/agua-agespisa.jpg\" class=\"attachment-post-thumbnail size-post-thumbnail wp-post-image\" alt=\"\" style=\"object-fit:cover;\" srcset=\"https:\/\/portalv1.com.br\/app\/wp-content\/uploads\/2024\/10\/agua-agespisa.jpg 775w, https:\/\/portalv1.com.br\/app\/wp-content\/uploads\/2024\/10\/agua-agespisa-300x248.jpg 300w, https:\/\/portalv1.com.br\/app\/wp-content\/uploads\/2024\/10\/agua-agespisa-640x529.jpg 640w, https:\/\/portalv1.com.br\/app\/wp-content\/uploads\/2024\/10\/agua-agespisa-768x634.jpg 768w\" sizes=\"auto, (max-width: 775px) 100vw, 775px\" \/><\/figure>","protected":false},"excerpt":{"rendered":"<p>A Agespisa informou que o abastecimento de \u00e1gua na cidade de Pimenteiras ser\u00e1 interrompido a partir das 7h da manha desta ter\u00e7a-feira, 26 de novembro para a realiza\u00e7\u00e3o de um&#8230;<\/p>\n","protected":false},"author":1,"featured_media":220608,"comment_status":"open","ping_status":"open","sticky":false,"template":"","format":"standard","meta":{"ngg_post_thumbnail":0,"footnotes":""},"categories":[243],"tags":[],"class_list":["post-222878","post","type-post","status-publish","format-standard","has-post-thumbnail","hentry","category-geral"],"views":1175,"meta_data":{"thumb":"https:\/\/portalv1.com.br\/app\/wp-content\/uploads\/2024\/10\/agua-agespisa.jpg","imagem":{"fullsize":{"url":"https:\/\/portalv1.com.br\/app\/wp-content\/uploads\/2024\/10\/agua-agespisa.jpg","width":775,"height":640},"medium":{"url":"https:\/\/portalv1.com.br\/app\/wp-content\/uploads\/2024\/10\/agua-agespisa-300x248.jpg","width":300,"height":248},"large":{"url":"https:\/\/portalv1.com.br\/app\/wp-content\/uploads\/2024\/10\/agua-agespisa-640x529.jpg","width":640,"height":529},"thumbnail":{"url":"https:\/\/portalv1.com.br\/app\/wp-content\/uploads\/2024\/10\/agua-agespisa-100x100.jpg","width":100,"height":100},"medium_large":{"url":"https:\/\/portalv1.com.br\/app\/wp-content\/uploads\/2024\/10\/agua-agespisa-768x634.jpg","width":768,"height":634}},"data":{"simple":"25\/11\/2024","date_time":"25\/11\/2024 08:24:19","date":"h\u00e1 1 ano"},"chapeu":"Veja detalhes ","source":"m_destacada"},"_links":{"self":[{"href":"https:\/\/portalv1.com.br\/api\/wp\/v2\/posts\/222878","targetHints":{"allow":["GET"]}}],"collection":[{"href":"https:\/\/portalv1.com.br\/api\/wp\/v2\/posts"}],"about":[{"href":"https:\/\/portalv1.com.br\/api\/wp\/v2\/types\/post"}],"author":[{"embeddable":true,"href":"https:\/\/portalv1.com.br\/api\/wp\/v2\/users\/1"}],"replies":[{"embeddable":true,"href":"https:\/\/portalv1.com.br\/api\/wp\/v2\/comments?post=222878"}],"version-history":[{"count":0,"href":"https:\/\/portalv1.com.br\/api\/wp\/v2\/posts\/222878\/revisions"}],"wp:featuredmedia":[{"embeddable":true,"href":"https:\/\/portalv1.com.br\/api\/wp\/v2\/media\/220608"}],"wp:attachment":[{"href":"https:\/\/portalv1.com.br\/api\/wp\/v2\/media?parent=222878"}],"wp:term":[{"taxonomy":"category","embeddable":true,"href":"https:\/\/portalv1.com.br\/api\/wp\/v2\/categories?post=222878"},{"taxonomy":"post_tag","embeddable":true,"href":"https:\/\/portalv1.com.br\/api\/wp\/v2\/tags?post=222878"}],"curies":[{"name":"wp","href":"https:\/\/api.w.org\/{rel}","templated":true}]}}