{"id":22290,"date":"2015-11-27T16:34:25","date_gmt":"2015-11-27T19:34:25","guid":{"rendered":"https:\/\/portalv1.com.br\/?p=22290"},"modified":"2015-12-02T09:32:54","modified_gmt":"2015-12-02T12:32:54","slug":"clique-a-vejas-as-bandas-que-estarao-em-valenca-agora-em-dezembro","status":"publish","type":"post","link":"https:\/\/portalv1.com.br\/clique-a-vejas-as-bandas-que-estarao-em-valenca-agora-em-dezembro\/","title":{"rendered":"Clique e vejas as bandas que estar\u00e3o em Valen\u00e7a agora em dezembro"},"content":{"rendered":"<figure id=\"attachment_21673\" aria-describedby=\"caption-attachment-21673\" style=\"width: 300px\" class=\"wp-caption alignright\"><a href=\"https:\/\/portalv1.com.br\/app\/wp-content\/uploads\/2015\/08\/valenca.jpg\"><img loading=\"lazy\" decoding=\"async\" class=\"wp-image-21673 size-medium\" src=\"https:\/\/portalv1.com.br\/app\/wp-content\/uploads\/2015\/08\/valenca-300x225.jpg\" alt=\"Vista de Valen\u00e7a do Piaui\" width=\"300\" height=\"225\" srcset=\"https:\/\/portalv1.com.br\/app\/wp-content\/uploads\/2015\/08\/valenca-300x225.jpg 300w, https:\/\/portalv1.com.br\/app\/wp-content\/uploads\/2015\/08\/valenca.jpg 640w\" sizes=\"auto, (max-width: 300px) 100vw, 300px\" \/><\/a><figcaption id=\"caption-attachment-21673\" class=\"wp-caption-text\">Vista de Valen\u00e7a do Piaui<\/figcaption><\/figure>\n<p>O festejo de Valen\u00e7a desse ano promete muitas festas. Varias atra\u00e7\u00f5es musicais est\u00e3o programadas para dezembro durante o festejo de Nossa Senhora do \u00d3 e Concei\u00e7\u00e3o padroeira do munic\u00edpio.<\/p>\n<p>A programa\u00e7\u00e3o come\u00e7a dia 19 no Bar do Nelsinho com mega estrutura de som e pared\u00f5es, Dj Iury e apresenta\u00e7\u00e3o da Eshilley D Princess. Haver\u00e1 ainda a escolha do garoto e garota facebook.<\/p>\n<p>Dia 20 o Coliseu Show reabre para eventos em grande estilo com Washington Brasileiro e Forroz\u00e3o \u00c1guia Dourada e Vanvan dos Teclados.<\/p>\n<p>Dia 22 acontece pelo 8\u00ba consecutivo, o Pim-pim Folia 2015, que esse ano tem como atra\u00e7\u00f5es Mano Walter, Farra da Gordinha e Forr\u00f3 Agito Total.<\/p>\n<p>Dia 23 no Est\u00e1dio Gaud\u00eancio Veloso tem Avi\u00f5es do Forr\u00f3, Desejo de Menina e Forr\u00f3 dos Plays.<\/p>\n<p>A diretoria do Crovapi Clube confirmou para o dia 24 a banda Forr\u00f3 da Monarquia, Djs Thiago e Jubimas e no dia 25 a festa no Crovapi \u00e9 com Cizinho e Forr\u00f3 Bandido e Gerson Pinheiro. A programa\u00e7\u00e3o se encerra no dia 26 no Estadio Gaud\u00eancio Veloso com as bandas Solteir\u00f5es do Forr\u00f3 e \u00c1vneh Vinny &amp; X\u00e9 Pop.<\/p>\n","protected":false},"excerpt":{"rendered":"<p>O festejo de Valen\u00e7a desse ano promete muitas festas. Varias atra\u00e7\u00f5es musicais est\u00e3o programadas para dezembro durante o festejo de Nossa Senhora do \u00d3 e Concei\u00e7\u00e3o padroeira do munic\u00edpio. A&#8230;<\/p>\n","protected":false},"author":1,"featured_media":0,"comment_status":"open","ping_status":"open","sticky":false,"template":"","format":"standard","meta":{"ngg_post_thumbnail":0,"footnotes":""},"categories":[245,12],"tags":[],"class_list":["post-22290","post","type-post","status-publish","format-standard","hentry","category-entretenimento","category-valenca-news"],"views":2593,"meta_data":{"thumb":"https:\/\/portalv1.com.br\/app\/wp-content\/uploads\/2015\/08\/valenca.jpg","data":{"simple":"27\/11\/2015","date_time":"27\/11\/2015 13:34:25","date":"h\u00e1 10 anos"},"chapeu":"Cidade Sorriso ","source":"retirar"},"_links":{"self":[{"href":"https:\/\/portalv1.com.br\/api\/wp\/v2\/posts\/22290","targetHints":{"allow":["GET"]}}],"collection":[{"href":"https:\/\/portalv1.com.br\/api\/wp\/v2\/posts"}],"about":[{"href":"https:\/\/portalv1.com.br\/api\/wp\/v2\/types\/post"}],"author":[{"embeddable":true,"href":"https:\/\/portalv1.com.br\/api\/wp\/v2\/users\/1"}],"replies":[{"embeddable":true,"href":"https:\/\/portalv1.com.br\/api\/wp\/v2\/comments?post=22290"}],"version-history":[{"count":0,"href":"https:\/\/portalv1.com.br\/api\/wp\/v2\/posts\/22290\/revisions"}],"wp:attachment":[{"href":"https:\/\/portalv1.com.br\/api\/wp\/v2\/media?parent=22290"}],"wp:term":[{"taxonomy":"category","embeddable":true,"href":"https:\/\/portalv1.com.br\/api\/wp\/v2\/categories?post=22290"},{"taxonomy":"post_tag","embeddable":true,"href":"https:\/\/portalv1.com.br\/api\/wp\/v2\/tags?post=22290"}],"curies":[{"name":"wp","href":"https:\/\/api.w.org\/{rel}","templated":true}]}}