{"id":222933,"date":"2024-11-26T22:36:18","date_gmt":"2024-11-27T01:36:18","guid":{"rendered":"https:\/\/portalv1.com.br\/?p=222933"},"modified":"2024-11-26T22:43:56","modified_gmt":"2024-11-27T01:43:56","slug":"prefeito-afonso-sobreira-anuncia-o-pagamento-da-ultima-parcela-do-garantia-safra","status":"publish","type":"post","link":"https:\/\/portalv1.com.br\/prefeito-afonso-sobreira-anuncia-o-pagamento-da-ultima-parcela-do-garantia-safra\/","title":{"rendered":"Prefeito Afonso Sobreira anuncia o pagamento da ultima parcela do Garantia Safra"},"content":{"rendered":"\n<p>O prefeito Afonso Sobreira anunciou, atrav\u00e9s das redes sociais, o pagamento da ultima parcela do Programa Garantia Safra 2024-2025 referente a parte que compete ao munic\u00edpio. Afonso Sobreira explicou que o munic\u00edpio estava inadimplente devido ao n\u00e3o pagamento das parcelas por parte das gest\u00f5es anteriores.<\/p>\n\n\n\n<p>\u201cCom muito trabalho, responsabilidade e compromisso, nossa gest\u00e3o quitou a \u00faltima parcela do Seguro Safra, deixada por gest\u00f5es anteriores. Por conta dessa d\u00edvida, nosso munic\u00edpio estava inadimplente junto ao governo federal, o que impedia nossos agricultores de receberem esse importante benef\u00edcio. Mas agora, essa realidade mudou!\u201d disse o prefeito que completou.<\/p>\n\n\n\n<p>\u201cEsse \u00e9 o resultado de uma gest\u00e3o que prioriza o povo e acredita no poder transformador da agricultura. Vamos juntos construir um futuro ainda melhor para nossa cidade!\u201d disse Afonso Sobreira.<\/p>\n\n\n\n<p>O Programa Garantia Safra assegura ao agricultor familiar o recebimento de um aux\u00edlio financeiro por um per\u00edodo determinado, caso ocorra perda de safra em raz\u00e3o de seca ou excesso de chuvas.<\/p>\n\n\n<figure class=\"wp-block-post-featured-image\"><img loading=\"lazy\" decoding=\"async\" width=\"1280\" height=\"720\" src=\"https:\/\/portalv1.com.br\/app\/wp-content\/uploads\/2023\/11\/afonso.jpg\" class=\"attachment-post-thumbnail size-post-thumbnail wp-post-image\" alt=\"\" style=\"object-fit:cover;\" srcset=\"https:\/\/portalv1.com.br\/app\/wp-content\/uploads\/2023\/11\/afonso.jpg 1280w, https:\/\/portalv1.com.br\/app\/wp-content\/uploads\/2023\/11\/afonso-300x169.jpg 300w, https:\/\/portalv1.com.br\/app\/wp-content\/uploads\/2023\/11\/afonso-640x360.jpg 640w, https:\/\/portalv1.com.br\/app\/wp-content\/uploads\/2023\/11\/afonso-768x432.jpg 768w\" sizes=\"auto, (max-width: 1280px) 100vw, 1280px\" \/><\/figure>","protected":false},"excerpt":{"rendered":"<p>O prefeito Afonso Sobreira anunciou, atrav\u00e9s das redes sociais, o pagamento da ultima parcela do Programa Garantia Safra 2024-2025 referente a parte que compete ao munic\u00edpio. Afonso Sobreira explicou que&#8230;<\/p>\n","protected":false},"author":1,"featured_media":159310,"comment_status":"open","ping_status":"open","sticky":false,"template":"","format":"standard","meta":{"ngg_post_thumbnail":0,"footnotes":""},"categories":[243],"tags":[],"class_list":["post-222933","post","type-post","status-publish","format-standard","has-post-thumbnail","hentry","category-geral"],"views":1613,"meta_data":{"thumb":"https:\/\/portalv1.com.br\/app\/wp-content\/uploads\/2023\/11\/afonso.jpg","imagem":{"fullsize":{"url":"https:\/\/portalv1.com.br\/app\/wp-content\/uploads\/2023\/11\/afonso.jpg","width":1280,"height":720},"medium":{"url":"https:\/\/portalv1.com.br\/app\/wp-content\/uploads\/2023\/11\/afonso-300x169.jpg","width":300,"height":169},"large":{"url":"https:\/\/portalv1.com.br\/app\/wp-content\/uploads\/2023\/11\/afonso-640x360.jpg","width":640,"height":360},"thumbnail":{"url":"https:\/\/portalv1.com.br\/app\/wp-content\/uploads\/2023\/11\/afonso-100x100.jpg","width":100,"height":100},"medium_large":{"url":"https:\/\/portalv1.com.br\/app\/wp-content\/uploads\/2023\/11\/afonso-768x432.jpg","width":768,"height":432}},"data":{"simple":"26\/11\/2024","date_time":"26\/11\/2024 19:36:18","date":"h\u00e1 1 ano"},"chapeu":"Saiba mais","source":"slide"},"_links":{"self":[{"href":"https:\/\/portalv1.com.br\/api\/wp\/v2\/posts\/222933","targetHints":{"allow":["GET"]}}],"collection":[{"href":"https:\/\/portalv1.com.br\/api\/wp\/v2\/posts"}],"about":[{"href":"https:\/\/portalv1.com.br\/api\/wp\/v2\/types\/post"}],"author":[{"embeddable":true,"href":"https:\/\/portalv1.com.br\/api\/wp\/v2\/users\/1"}],"replies":[{"embeddable":true,"href":"https:\/\/portalv1.com.br\/api\/wp\/v2\/comments?post=222933"}],"version-history":[{"count":0,"href":"https:\/\/portalv1.com.br\/api\/wp\/v2\/posts\/222933\/revisions"}],"wp:featuredmedia":[{"embeddable":true,"href":"https:\/\/portalv1.com.br\/api\/wp\/v2\/media\/159310"}],"wp:attachment":[{"href":"https:\/\/portalv1.com.br\/api\/wp\/v2\/media?parent=222933"}],"wp:term":[{"taxonomy":"category","embeddable":true,"href":"https:\/\/portalv1.com.br\/api\/wp\/v2\/categories?post=222933"},{"taxonomy":"post_tag","embeddable":true,"href":"https:\/\/portalv1.com.br\/api\/wp\/v2\/tags?post=222933"}],"curies":[{"name":"wp","href":"https:\/\/api.w.org\/{rel}","templated":true}]}}