{"id":22305,"date":"2015-12-01T23:12:07","date_gmt":"2015-12-02T02:12:07","guid":{"rendered":"https:\/\/portalv1.com.br\/?p=22305"},"modified":"2015-12-05T16:23:43","modified_gmt":"2015-12-05T19:23:43","slug":"faculdade-isepro-realizara-simposio-dia-12-de-dezembro","status":"publish","type":"post","link":"https:\/\/portalv1.com.br\/faculdade-isepro-realizara-simposio-dia-12-de-dezembro\/","title":{"rendered":"Faculdade ISEPRO realizar\u00e1 simp\u00f3sio dia 12 de dezembro"},"content":{"rendered":"<p>A coordena\u00e7\u00e3o do P\u00f3lo de Valen\u00e7a da Faculdade ISEPRO ir\u00e1 realizar no pr\u00f3ximo dia 12 de dezembro, o III Simp\u00f3sio em Educa\u00e7\u00e3o com a tem\u00e1tica \u201cO Papel da Educa\u00e7\u00e3o Inclusiva nas Concep\u00e7\u00f5es de Diretores e Professores das Escolas Publicas e Privadas\u201d.<\/p>\n<p>O evento acontecer\u00e1 em dois hor\u00e1rios e locais diferentes. De 08h \u00e0s 12h haver\u00e1 apresenta\u00e7\u00f5es das oficinas dos alunos na Escola Professor Jo\u00e3o Calado na COHAB.<\/p>\n<p>E das 14h \u00e0s 18h mesa redonda e palestras no audit\u00f3rio do Col\u00e9gio Santo Ant\u00f4nio. De acordo com Elizangela Santos coordenadora dos cursos, o evento ser\u00e1 muito proveitoso e rico em conhecimentos.<\/p>\n","protected":false},"excerpt":{"rendered":"<p>A coordena\u00e7\u00e3o do P\u00f3lo de Valen\u00e7a da Faculdade ISEPRO ir\u00e1 realizar no pr\u00f3ximo dia 12 de dezembro, o III Simp\u00f3sio em Educa\u00e7\u00e3o com a tem\u00e1tica \u201cO Papel da Educa\u00e7\u00e3o Inclusiva&#8230;<\/p>\n","protected":false},"author":1,"featured_media":22306,"comment_status":"open","ping_status":"open","sticky":false,"template":"","format":"standard","meta":{"ngg_post_thumbnail":0,"footnotes":""},"categories":[12],"tags":[],"class_list":["post-22305","post","type-post","status-publish","format-standard","has-post-thumbnail","hentry","category-valenca-news"],"views":528,"meta_data":{"thumb":"https:\/\/portalv1.com.br\/app\/wp-content\/uploads\/2015\/12\/dsc_9885-1.jpg","imagem":{"fullsize":{"url":"https:\/\/portalv1.com.br\/app\/wp-content\/uploads\/2015\/12\/dsc_9885-1.jpg","width":640,"height":428},"thumbnail":{"url":"https:\/\/portalv1.com.br\/app\/wp-content\/uploads\/2015\/12\/dsc_9885-1-100x100.jpg","width":100,"height":100},"medium":{"url":"https:\/\/portalv1.com.br\/app\/wp-content\/uploads\/2015\/12\/dsc_9885-1-300x201.jpg","width":300,"height":201},"large":{"url":"https:\/\/portalv1.com.br\/app\/wp-content\/uploads\/2015\/12\/dsc_9885-1-640x428.jpg","width":640,"height":428}},"data":{"simple":"01\/12\/2015","date_time":"01\/12\/2015 20:12:07","date":"h\u00e1 10 anos"},"chapeu":"VEJA PROGRAMA\u00c7\u00c3O","source":"foto_menor"},"_links":{"self":[{"href":"https:\/\/portalv1.com.br\/api\/wp\/v2\/posts\/22305","targetHints":{"allow":["GET"]}}],"collection":[{"href":"https:\/\/portalv1.com.br\/api\/wp\/v2\/posts"}],"about":[{"href":"https:\/\/portalv1.com.br\/api\/wp\/v2\/types\/post"}],"author":[{"embeddable":true,"href":"https:\/\/portalv1.com.br\/api\/wp\/v2\/users\/1"}],"replies":[{"embeddable":true,"href":"https:\/\/portalv1.com.br\/api\/wp\/v2\/comments?post=22305"}],"version-history":[{"count":0,"href":"https:\/\/portalv1.com.br\/api\/wp\/v2\/posts\/22305\/revisions"}],"wp:featuredmedia":[{"embeddable":true,"href":"https:\/\/portalv1.com.br\/api\/wp\/v2\/media\/22306"}],"wp:attachment":[{"href":"https:\/\/portalv1.com.br\/api\/wp\/v2\/media?parent=22305"}],"wp:term":[{"taxonomy":"category","embeddable":true,"href":"https:\/\/portalv1.com.br\/api\/wp\/v2\/categories?post=22305"},{"taxonomy":"post_tag","embeddable":true,"href":"https:\/\/portalv1.com.br\/api\/wp\/v2\/tags?post=22305"}],"curies":[{"name":"wp","href":"https:\/\/api.w.org\/{rel}","templated":true}]}}