{"id":223066,"date":"2024-11-29T16:25:39","date_gmt":"2024-11-29T19:25:39","guid":{"rendered":"https:\/\/portalv1.com.br\/?p=223066"},"modified":"2024-11-29T21:48:56","modified_gmt":"2024-11-30T00:48:56","slug":"aneel-confirma-bandeira-verde-e-dezembro-comeca-com-conta-de-luz-mais-barata","status":"publish","type":"post","link":"https:\/\/portalv1.com.br\/aneel-confirma-bandeira-verde-e-dezembro-comeca-com-conta-de-luz-mais-barata\/","title":{"rendered":"Aneel confirma bandeira verde e dezembro come\u00e7a com conta de luz mais barata"},"content":{"rendered":"\n<p>A Bandeira Tarif\u00e1ria para o m\u00eas de dezembro ser\u00e1 verde, anunciou nesta sexta-feira (29\/11) a Ag\u00eancia&nbsp;Nacional de Energia El\u00e9trica (ANEEL).&nbsp;Ap\u00f3s a vig\u00eancia da bandeira amarela em novembro,&nbsp;a&nbsp;expressiva melhora das condi\u00e7\u00f5es de gera\u00e7\u00e3o de energia no pa\u00eds&nbsp;permitiu a mudan\u00e7a&nbsp;para a bandeira verde em dezembro,&nbsp;deixando-se de cobrar o adicional de&nbsp;R$ 1,885 a cada 100 kWh consumidos.&nbsp;<\/p>\n\n\n\n<p>A medida vale para todos os consumidores de energia conectados ao Sistema Interligado Nacional.<\/p>\n\n\n\n<p>Nas \u00faltimas semanas,&nbsp;o&nbsp;per\u00edodo chuvoso&nbsp;mais intenso&nbsp;favoreceu&nbsp;a gera\u00e7\u00e3o de energia hidrel\u00e9trica, com custo de gera\u00e7\u00e3o inferior&nbsp;ao de fontes termel\u00e9tricas&nbsp;&#8211; acionada mais frequentemente&nbsp;quando os n\u00edveis dos reservat\u00f3rios&nbsp;est\u00e3o baixos.<\/p>\n\n\n\n<p>Sobre o an\u00fancio, o diretor-geral da ANEEL, Sandoval Feitosa,&nbsp;destacou que &#8220;o sistema de bandeiras se consolidou no Brasil como uma forma democr\u00e1tica de&nbsp;o setor el\u00e9trico dialogar com a sociedade sobre o consumo eficiente e o custo da energia&#8221;.<\/p>\n\n\n\n<p>A bandeira ficou verde de abril de 2022 at\u00e9 julho de 2024, quando foi interrompida com o an\u00fancio da bandeira amarela, seguida de bandeira verde em agosto, vermelha, patamar 1, em setembro, vermelha, patamar 2, em outubro, e amarela em novembro.<\/p>\n\n\n\n<p>Com as bandeiras tarif\u00e1rias,\u00a0sistema criado pela ANEEL em 2015,\u00a0o consumidor ganha um papel mais\u00a0ativo na gest\u00e3o\u00a0de seu consumo de energia el\u00e9trica, ao conhecer previamente\u00a0as condi\u00e7\u00f5es e o custo de gera\u00e7\u00e3o no Pa\u00eds.\u00a0O sistema\u00a0reflete o custo vari\u00e1vel da produ\u00e7\u00e3o de energia, considerando fatores como a disponibilidade de recursos h\u00eddricos, o avan\u00e7o das fontes renov\u00e1veis, bem como o acionamento de fontes de gera\u00e7\u00e3o mais caras como as termel\u00e9tricas.\u00a0<\/p>\n\n\n\n<p>Com&nbsp;as&nbsp;bandeiras, o consumidor consegue fazer escolhas de consumo que contribuem para reduzir os custos de opera\u00e7\u00e3o do sistema, reduzindo a necessidade de acionar termel\u00e9tricas. Mesmo que as condi\u00e7\u00f5es de gera\u00e7\u00e3o sejam favor\u00e1veis, \u00e9 necess\u00e1rio continuar com bons h\u00e1bitos de consumo que evitam desperd\u00edcios e contribuem para a sustentabilidade do setor el\u00e9trico. Com o acionamento da bandeira\u202famarela, a vigil\u00e2ncia quanto ao uso respons\u00e1vel da energia el\u00e9trica \u00e9 fundamental. A orienta\u00e7\u00e3o \u00e9 para utilizar a energia de forma consciente.<\/p>\n","protected":false},"excerpt":{"rendered":"<p>A Bandeira Tarif\u00e1ria para o m\u00eas de dezembro ser\u00e1 verde, anunciou nesta sexta-feira (29\/11) a Ag\u00eancia&nbsp;Nacional de Energia El\u00e9trica (ANEEL).&nbsp;Ap\u00f3s a vig\u00eancia da bandeira amarela em novembro,&nbsp;a&nbsp;expressiva melhora das condi\u00e7\u00f5es&#8230;<\/p>\n","protected":false},"author":1,"featured_media":223067,"comment_status":"open","ping_status":"open","sticky":false,"template":"","format":"standard","meta":{"ngg_post_thumbnail":0,"footnotes":""},"categories":[243],"tags":[],"class_list":["post-223066","post","type-post","status-publish","format-standard","has-post-thumbnail","hentry","category-geral"],"views":3205,"meta_data":{"thumb":"https:\/\/portalv1.com.br\/app\/wp-content\/uploads\/2024\/11\/talao.webp","imagem":{"fullsize":{"url":"https:\/\/portalv1.com.br\/app\/wp-content\/uploads\/2024\/11\/talao.webp","width":600,"height":359},"medium":{"url":"https:\/\/portalv1.com.br\/app\/wp-content\/uploads\/2024\/11\/talao-300x180.webp","width":300,"height":180},"thumbnail":{"url":"https:\/\/portalv1.com.br\/app\/wp-content\/uploads\/2024\/11\/talao-100x100.webp","width":100,"height":100}},"data":{"simple":"29\/11\/2024","date_time":"29\/11\/2024 13:25:39","date":"h\u00e1 1 ano"},"chapeu":"Ag\u00eancia\u00a0Nacional de Energia El\u00e9trica","source":"slide"},"_links":{"self":[{"href":"https:\/\/portalv1.com.br\/api\/wp\/v2\/posts\/223066","targetHints":{"allow":["GET"]}}],"collection":[{"href":"https:\/\/portalv1.com.br\/api\/wp\/v2\/posts"}],"about":[{"href":"https:\/\/portalv1.com.br\/api\/wp\/v2\/types\/post"}],"author":[{"embeddable":true,"href":"https:\/\/portalv1.com.br\/api\/wp\/v2\/users\/1"}],"replies":[{"embeddable":true,"href":"https:\/\/portalv1.com.br\/api\/wp\/v2\/comments?post=223066"}],"version-history":[{"count":0,"href":"https:\/\/portalv1.com.br\/api\/wp\/v2\/posts\/223066\/revisions"}],"wp:featuredmedia":[{"embeddable":true,"href":"https:\/\/portalv1.com.br\/api\/wp\/v2\/media\/223067"}],"wp:attachment":[{"href":"https:\/\/portalv1.com.br\/api\/wp\/v2\/media?parent=223066"}],"wp:term":[{"taxonomy":"category","embeddable":true,"href":"https:\/\/portalv1.com.br\/api\/wp\/v2\/categories?post=223066"},{"taxonomy":"post_tag","embeddable":true,"href":"https:\/\/portalv1.com.br\/api\/wp\/v2\/tags?post=223066"}],"curies":[{"name":"wp","href":"https:\/\/api.w.org\/{rel}","templated":true}]}}