{"id":22324,"date":"2015-12-04T11:17:45","date_gmt":"2015-12-04T14:17:45","guid":{"rendered":"https:\/\/portalv1.com.br\/?p=22324"},"modified":"2015-12-10T00:17:49","modified_gmt":"2015-12-10T03:17:49","slug":"ingressos-para-o-show-de-washington-brasileiro-em-valenca-ja-estao-a-venda","status":"publish","type":"post","link":"https:\/\/portalv1.com.br\/ingressos-para-o-show-de-washington-brasileiro-em-valenca-ja-estao-a-venda\/","title":{"rendered":"Ingressos para o show de Washington Brasileiro em Valen\u00e7a j\u00e1 est\u00e3o \u00e0 venda"},"content":{"rendered":"<p>Uma das festas mais esperadas desse fim de ano j\u00e1 est\u00e1 com ingressos \u00e0 venda. O show com o cantor Washington Brasileiro ser\u00e1 dia 20 de dezembro na casa de Shows Coliseu que esse ano volta a ser palco de eventos em Valen\u00e7a.<\/p>\n<p>Ingressos antecipados j\u00e1 podem ser adquiridos a R$ 25 reais no Mercadinho Alcides no Novo Horizonte, no Theiler do Valdinar no Xer\u00e9m e na Mercearia Ellison no Vale Verde.<\/p>\n<p>Morr\u00e9 Produ\u00e7\u00f5es assina o evento que promete muito forr\u00f3 desde a sua abertura que ser\u00e1 feita por Vanvan dos Teclados e Forroz\u00e3o \u00c1guia Dourada. Pra quem gosta de dan\u00e7ar forr\u00f3 essa \u00e9 a festa.<\/p>\n<p>&nbsp;<\/p>\n<p>&nbsp;<\/p>\n<p><a href=\"https:\/\/portalv1.com.br\/app\/wp-content\/uploads\/2015\/12\/12244271_852224278231001_8774596470091803838_o.jpg\"><img loading=\"lazy\" decoding=\"async\" class=\"aligncenter size-large wp-image-22325\" src=\"https:\/\/portalv1.com.br\/app\/wp-content\/uploads\/2015\/12\/12244271_852224278231001_8774596470091803838_o-640x456.jpg\" alt=\"12244271_852224278231001_8774596470091803838_o\" width=\"640\" height=\"456\" srcset=\"https:\/\/portalv1.com.br\/app\/wp-content\/uploads\/2015\/12\/12244271_852224278231001_8774596470091803838_o.jpg 640w, https:\/\/portalv1.com.br\/app\/wp-content\/uploads\/2015\/12\/12244271_852224278231001_8774596470091803838_o-300x214.jpg 300w\" sizes=\"auto, (max-width: 640px) 100vw, 640px\" \/><\/a><\/p>\n","protected":false},"excerpt":{"rendered":"<p>Uma das festas mais esperadas desse fim de ano j\u00e1 est\u00e1 com ingressos \u00e0 venda. O show com o cantor Washington Brasileiro ser\u00e1 dia 20 de dezembro na casa de&#8230;<\/p>\n","protected":false},"author":1,"featured_media":22325,"comment_status":"open","ping_status":"open","sticky":false,"template":"","format":"standard","meta":{"ngg_post_thumbnail":0,"footnotes":""},"categories":[243,12],"tags":[],"class_list":["post-22324","post","type-post","status-publish","format-standard","has-post-thumbnail","hentry","category-geral","category-valenca-news"],"views":1568,"meta_data":{"thumb":"https:\/\/portalv1.com.br\/app\/wp-content\/uploads\/2015\/12\/12244271_852224278231001_8774596470091803838_o.jpg","imagem":{"fullsize":{"url":"https:\/\/portalv1.com.br\/app\/wp-content\/uploads\/2015\/12\/12244271_852224278231001_8774596470091803838_o.jpg","width":640,"height":456},"thumbnail":{"url":"https:\/\/portalv1.com.br\/app\/wp-content\/uploads\/2015\/12\/12244271_852224278231001_8774596470091803838_o-100x100.jpg","width":100,"height":100},"medium":{"url":"https:\/\/portalv1.com.br\/app\/wp-content\/uploads\/2015\/12\/12244271_852224278231001_8774596470091803838_o-300x214.jpg","width":300,"height":214},"large":{"url":"https:\/\/portalv1.com.br\/app\/wp-content\/uploads\/2015\/12\/12244271_852224278231001_8774596470091803838_o-640x456.jpg","width":640,"height":456}},"data":{"simple":"04\/12\/2015","date_time":"04\/12\/2015 08:17:45","date":"h\u00e1 10 anos"},"chapeu":"20 de Dezembro ","source":"foto_menor"},"_links":{"self":[{"href":"https:\/\/portalv1.com.br\/api\/wp\/v2\/posts\/22324","targetHints":{"allow":["GET"]}}],"collection":[{"href":"https:\/\/portalv1.com.br\/api\/wp\/v2\/posts"}],"about":[{"href":"https:\/\/portalv1.com.br\/api\/wp\/v2\/types\/post"}],"author":[{"embeddable":true,"href":"https:\/\/portalv1.com.br\/api\/wp\/v2\/users\/1"}],"replies":[{"embeddable":true,"href":"https:\/\/portalv1.com.br\/api\/wp\/v2\/comments?post=22324"}],"version-history":[{"count":0,"href":"https:\/\/portalv1.com.br\/api\/wp\/v2\/posts\/22324\/revisions"}],"wp:featuredmedia":[{"embeddable":true,"href":"https:\/\/portalv1.com.br\/api\/wp\/v2\/media\/22325"}],"wp:attachment":[{"href":"https:\/\/portalv1.com.br\/api\/wp\/v2\/media?parent=22324"}],"wp:term":[{"taxonomy":"category","embeddable":true,"href":"https:\/\/portalv1.com.br\/api\/wp\/v2\/categories?post=22324"},{"taxonomy":"post_tag","embeddable":true,"href":"https:\/\/portalv1.com.br\/api\/wp\/v2\/tags?post=22324"}],"curies":[{"name":"wp","href":"https:\/\/api.w.org\/{rel}","templated":true}]}}