{"id":22345,"date":"2015-12-08T10:38:58","date_gmt":"2015-12-08T13:38:58","guid":{"rendered":"https:\/\/portalv1.com.br\/?p=22345"},"modified":"2015-12-10T23:01:06","modified_gmt":"2015-12-11T02:01:06","slug":"3o-lotes-de-ingressos-para-o-show-do-avioes-em-valenca-ja-comecou","status":"publish","type":"post","link":"https:\/\/portalv1.com.br\/3o-lotes-de-ingressos-para-o-show-do-avioes-em-valenca-ja-comecou\/","title":{"rendered":"3\u00ba lote de ingressos para o show do Avi\u00f5es em Valen\u00e7a j\u00e1 come\u00e7ou"},"content":{"rendered":"<figure id=\"attachment_22346\" aria-describedby=\"caption-attachment-22346\" style=\"width: 458px\" class=\"wp-caption aligncenter\"><a href=\"https:\/\/portalv1.com.br\/app\/wp-content\/uploads\/2015\/12\/Arte-Show.jpg\"><img loading=\"lazy\" decoding=\"async\" class=\"wp-image-22346\" src=\"https:\/\/portalv1.com.br\/app\/wp-content\/uploads\/2015\/12\/Arte-Show.jpg\" alt=\"Arte-Show\" width=\"458\" height=\"458\" srcset=\"https:\/\/portalv1.com.br\/app\/wp-content\/uploads\/2015\/12\/Arte-Show.jpg 600w, https:\/\/portalv1.com.br\/app\/wp-content\/uploads\/2015\/12\/Arte-Show-100x100.jpg 100w, https:\/\/portalv1.com.br\/app\/wp-content\/uploads\/2015\/12\/Arte-Show-300x300.jpg 300w\" sizes=\"auto, (max-width: 458px) 100vw, 458px\" \/><\/a><figcaption id=\"caption-attachment-22346\" class=\"wp-caption-text\">3\u00ba lotes de ingressos para o show do Avi\u00f5es<\/figcaption><\/figure>\n<p>Come\u00e7ou nesta segunda-feira (7) a venda do terceiro lote de ingressos para os shows\u00a0 das bandas Avi\u00f5es do Forr\u00f3, Desejo de Menina e Forr\u00f3 dos Plays. Com isso, os pre\u00e7os das entradas para a \u00e1rea vip (Front Stage) sofreram reajuste, passaram de R$ 60 para R$ 70.<\/p>\n<p>O festival de m\u00fasica ser\u00e1 realizado nos dias 23 e 26 pr\u00f3ximos no est\u00e1dio municipal Gaud\u00eancio Veloso, em Valen\u00e7a do Piau\u00ed.<\/p>\n<p>Os bilhetes est\u00e3o dispon\u00edveis na portaria da <em>R\u00e1dio FM Cidade<\/em>, localizada na Avenida VX de Novembro, 1564 no bairro Lavanderia no per\u00edodo das 8h \u00e0s 12h e de 14h \u00c0s 17h30, de segunda a sexta-feira, e no s\u00e1bado das 8h \u00e0s 12h. S\u00e3o aceitos somente pagamentos em dinheiro.<\/p>\n<p><strong>Segundo dia<\/strong><\/p>\n<p>Os ingressos para o shows da Banda Solteir\u00f5es do Forr\u00f3, Avn\u00e9h Vinny e X\u00e9 Pop, que se apresentam no dia 26, est\u00e3o sendo comercializados aos pre\u00e7os promocionais do primeiro lote por R$ 25 (Pista) e R$ 50 (Front Stage).<\/p>\n<p>Ao todo, ser\u00e3o 5 atra\u00e7\u00f5es musicais que subir\u00e3o ao palco do mega evento. Haver\u00e1 ainda atra\u00e7\u00f5es paralelas como stands dos patrocinadores, espa\u00e7o para food play, entre outras atividades.<\/p>\n<p><strong>Servi\u00e7o<\/strong><br \/>\nFestejos de Valen\u00e7a 2015<br \/>\nLocal: Est\u00e1dio Municipal Gaud\u00eancio Veloso.<br \/>\nAbertura dos port\u00f5es: 21h.<br \/>\nIngressos: 3\u00ba Lote; Pista R$ 30, Front Stage R$ 70. Os pre\u00e7os est\u00e3o sujeitos \u00e0 altera\u00e7\u00e3o com aviso pr\u00e9vio.<br \/>\nLocal de vendas: Portaria da R\u00e1dio FM Cidade, Avenida XV de Novembro, 1564, bairro Lavanderia.<br \/>\nInforma\u00e7\u00f5es: (89) 99984-0051.<br \/>\nClassifica\u00e7\u00e3o indicativa: (16 anos).<\/p>\n","protected":false},"excerpt":{"rendered":"<p>Come\u00e7ou nesta segunda-feira (7) a venda do terceiro lote de ingressos para os shows\u00a0 das bandas Avi\u00f5es do Forr\u00f3, Desejo de Menina e Forr\u00f3 dos Plays. Com isso, os pre\u00e7os&#8230;<\/p>\n","protected":false},"author":1,"featured_media":0,"comment_status":"open","ping_status":"open","sticky":false,"template":"","format":"standard","meta":{"ngg_post_thumbnail":0,"footnotes":""},"categories":[12],"tags":[],"class_list":["post-22345","post","type-post","status-publish","format-standard","hentry","category-valenca-news"],"views":1682,"meta_data":{"thumb":null,"imagem":{"fullsize":{"url":"https:\/\/portalv1.com.br\/app\/wp-content\/uploads\/2015\/12\/Arte-Show.jpg","width":600,"height":600},"thumbnail":{"url":"https:\/\/portalv1.com.br\/app\/wp-content\/uploads\/2015\/12\/Arte-Show-100x100.jpg","width":100,"height":100},"medium":{"url":"https:\/\/portalv1.com.br\/app\/wp-content\/uploads\/2015\/12\/Arte-Show-300x300.jpg","width":300,"height":300}},"data":{"simple":"08\/12\/2015","date_time":"08\/12\/2015 07:38:58","date":"h\u00e1 10 anos"},"chapeu":"Veja pre\u00e7os ","source":"foto_menor"},"_links":{"self":[{"href":"https:\/\/portalv1.com.br\/api\/wp\/v2\/posts\/22345","targetHints":{"allow":["GET"]}}],"collection":[{"href":"https:\/\/portalv1.com.br\/api\/wp\/v2\/posts"}],"about":[{"href":"https:\/\/portalv1.com.br\/api\/wp\/v2\/types\/post"}],"author":[{"embeddable":true,"href":"https:\/\/portalv1.com.br\/api\/wp\/v2\/users\/1"}],"replies":[{"embeddable":true,"href":"https:\/\/portalv1.com.br\/api\/wp\/v2\/comments?post=22345"}],"version-history":[{"count":0,"href":"https:\/\/portalv1.com.br\/api\/wp\/v2\/posts\/22345\/revisions"}],"wp:attachment":[{"href":"https:\/\/portalv1.com.br\/api\/wp\/v2\/media?parent=22345"}],"wp:term":[{"taxonomy":"category","embeddable":true,"href":"https:\/\/portalv1.com.br\/api\/wp\/v2\/categories?post=22345"},{"taxonomy":"post_tag","embeddable":true,"href":"https:\/\/portalv1.com.br\/api\/wp\/v2\/tags?post=22345"}],"curies":[{"name":"wp","href":"https:\/\/api.w.org\/{rel}","templated":true}]}}