{"id":22372,"date":"2015-12-11T15:20:35","date_gmt":"2015-12-11T18:20:35","guid":{"rendered":"https:\/\/portalv1.com.br\/?p=22372"},"modified":"2015-12-12T00:20:13","modified_gmt":"2015-12-12T03:20:13","slug":"inauguracao-da-doce-lar-cafe-sera-hoje-as-19h-3","status":"publish","type":"post","link":"https:\/\/portalv1.com.br\/inauguracao-da-doce-lar-cafe-sera-hoje-as-19h-3\/","title":{"rendered":"Inaugura\u00e7\u00e3o da Doce Lar Caf\u00e9 ser\u00e1 hoje \u00e0s 19h"},"content":{"rendered":"<figure id=\"attachment_22369\" aria-describedby=\"caption-attachment-22369\" style=\"width: 480px\" class=\"wp-caption aligncenter\"><a href=\"https:\/\/portalv1.com.br\/app\/wp-content\/uploads\/2015\/12\/12341276_494995674012875_7416793872270260302_n.jpg\" rel=\"attachment wp-att-22369\"><img loading=\"lazy\" decoding=\"async\" class=\"size-full wp-image-22369\" src=\"https:\/\/portalv1.com.br\/app\/wp-content\/uploads\/2015\/12\/12341276_494995674012875_7416793872270260302_n.jpg\" alt=\"Doce Lar Caf\u00e9 \" width=\"480\" height=\"480\" srcset=\"https:\/\/portalv1.com.br\/app\/wp-content\/uploads\/2015\/12\/12341276_494995674012875_7416793872270260302_n.jpg 480w, https:\/\/portalv1.com.br\/app\/wp-content\/uploads\/2015\/12\/12341276_494995674012875_7416793872270260302_n-100x100.jpg 100w, https:\/\/portalv1.com.br\/app\/wp-content\/uploads\/2015\/12\/12341276_494995674012875_7416793872270260302_n-300x300.jpg 300w\" sizes=\"auto, (max-width: 480px) 100vw, 480px\" \/><\/a><figcaption id=\"caption-attachment-22369\" class=\"wp-caption-text\">Doce Lar Caf\u00e9<\/figcaption><\/figure>\n<p>Ser\u00e1 inaugurada nesta sexta-feira, 11 de dezembro em Valen\u00e7a uma nova e saborosa op\u00e7\u00e3o de lanches, caf\u00e9s e drinks variados. A Doce Lar Caf\u00e9 chega a Valen\u00e7a com um ambiente agrad\u00e1vel card\u00e1pio variado e diversos drinks que ir\u00e3o agradar todos os paladares.<\/p>\n<p>A inaugura\u00e7\u00e3o ser\u00e1 \u00e0s 19h na Rua Epaminondas Nogueira, xis com o Banco do Nordeste e ao lado da De um tudo. A cantora Juliana Guedes ser\u00e1 a grande atra\u00e7\u00e3o musical da noite.<\/p>\n","protected":false},"excerpt":{"rendered":"<p>Ser\u00e1 inaugurada nesta sexta-feira, 11 de dezembro em Valen\u00e7a uma nova e saborosa op\u00e7\u00e3o de lanches, caf\u00e9s e drinks variados. A Doce Lar Caf\u00e9 chega a Valen\u00e7a com um ambiente&#8230;<\/p>\n","protected":false},"author":1,"featured_media":0,"comment_status":"open","ping_status":"open","sticky":false,"template":"","format":"standard","meta":{"ngg_post_thumbnail":0,"footnotes":""},"categories":[12],"tags":[],"class_list":["post-22372","post","type-post","status-publish","format-standard","hentry","category-valenca-news"],"views":693,"meta_data":{"thumb":"https:\/\/portalv1.com.br\/app\/wp-content\/uploads\/2015\/12\/12341276_494995674012875_7416793872270260302_n.jpg","data":{"simple":"11\/12\/2015","date_time":"11\/12\/2015 12:20:35","date":"h\u00e1 10 anos"},"chapeu":"Com Musica ao vivo ","source":"retirar"},"_links":{"self":[{"href":"https:\/\/portalv1.com.br\/api\/wp\/v2\/posts\/22372","targetHints":{"allow":["GET"]}}],"collection":[{"href":"https:\/\/portalv1.com.br\/api\/wp\/v2\/posts"}],"about":[{"href":"https:\/\/portalv1.com.br\/api\/wp\/v2\/types\/post"}],"author":[{"embeddable":true,"href":"https:\/\/portalv1.com.br\/api\/wp\/v2\/users\/1"}],"replies":[{"embeddable":true,"href":"https:\/\/portalv1.com.br\/api\/wp\/v2\/comments?post=22372"}],"version-history":[{"count":0,"href":"https:\/\/portalv1.com.br\/api\/wp\/v2\/posts\/22372\/revisions"}],"wp:attachment":[{"href":"https:\/\/portalv1.com.br\/api\/wp\/v2\/media?parent=22372"}],"wp:term":[{"taxonomy":"category","embeddable":true,"href":"https:\/\/portalv1.com.br\/api\/wp\/v2\/categories?post=22372"},{"taxonomy":"post_tag","embeddable":true,"href":"https:\/\/portalv1.com.br\/api\/wp\/v2\/tags?post=22372"}],"curies":[{"name":"wp","href":"https:\/\/api.w.org\/{rel}","templated":true}]}}