{"id":223828,"date":"2024-12-07T09:57:18","date_gmt":"2024-12-07T12:57:18","guid":{"rendered":"https:\/\/portalv1.com.br\/?p=223828"},"modified":"2024-12-17T13:39:40","modified_gmt":"2024-12-17T16:39:40","slug":"diplomacao-em-elesbao-veloso-francinopolis-varzea-grande-tanque-e-barra-sera-dia-18","status":"publish","type":"post","link":"https:\/\/portalv1.com.br\/diplomacao-em-elesbao-veloso-francinopolis-varzea-grande-tanque-e-barra-sera-dia-18\/","title":{"rendered":"Diploma\u00e7\u00e3o em Elesb\u00e3o Veloso, Francin\u00f3polis, V\u00e1rzea Grande, Tanque e Barra ser\u00e1 dia 18"},"content":{"rendered":"\n<p>A 48\u00aa Zona Eleitoral, que atende as cidades de Elesb\u00e3o Veloso, Francin\u00f3polis, V\u00e1rzea Grande, Tanque do Piau\u00ed e Barra D\u00b4Alc\u00e2ntara vai realizar no pr\u00f3ximo dia 18 de dezembro, a solenidade de diploma\u00e7\u00e3o dos candidatos eleitos nas Elei\u00e7\u00f5es 2024. O juiz eleitoral Dr. Juscelino Norberto decidiu que todas as cinco cidades ser\u00e3o diplomadas na sede da zona eleitoral em Elesb\u00e3o Veloso em hor\u00e1rios distintos.<\/p>\n\n\n\n<p>A programa\u00e7\u00e3o come\u00e7a pela cidade de Francin\u00f3polis \u00e0s 09h da manha, quando ser\u00e3o diplomados o prefeito eleito Dr. Ant\u00f4nio Luiz e o vice-prefeito Chico da Celi, al\u00e9m dos 09 vereadores e suplentes.<\/p>\n\n\n\n<p>As 11h acontece a diploma\u00e7\u00e3o do prefeito reeleito de V\u00e1rzea Grande, Dr. Segundo e da vice-prefeita Laura Marcia, os 09 vereadores e suplentes.&nbsp;<\/p>\n\n\n\n<p>O prefeito eleito de Elesb\u00e3o Veloso, Ronaldo Barbosa e o vice-prefeito Arthur Paes Landim, vereadores e suplentes ser\u00e3o diplomados \u00e0s 15h.<\/p>\n\n\n\n<p>&nbsp;As diploma\u00e7\u00f5es do prefeito reeleito de Tanque do Piau\u00ed, Tiel Sales e o vice-prefeito Assuero Ara\u00fajo, assim como o prefeito reeleito de Barra D&#8217;Alc\u00e2ntara Mard\u00f4nio Soares, vice-prefeito Miguel Estev\u00e3o, vereadores e suplentes das duas cidades ser\u00e3o diplomados \u00e0s 17h.<\/p>\n\n\n<figure class=\"wp-block-post-featured-image\"><img loading=\"lazy\" decoding=\"async\" width=\"960\" height=\"540\" src=\"https:\/\/portalv1.com.br\/app\/wp-content\/uploads\/2024\/12\/juscelino.jpg\" class=\"attachment-post-thumbnail size-post-thumbnail wp-post-image\" alt=\"\" style=\"object-fit:cover;\" srcset=\"https:\/\/portalv1.com.br\/app\/wp-content\/uploads\/2024\/12\/juscelino.jpg 960w, https:\/\/portalv1.com.br\/app\/wp-content\/uploads\/2024\/12\/juscelino-300x169.jpg 300w, https:\/\/portalv1.com.br\/app\/wp-content\/uploads\/2024\/12\/juscelino-640x360.jpg 640w, https:\/\/portalv1.com.br\/app\/wp-content\/uploads\/2024\/12\/juscelino-768x432.jpg 768w\" sizes=\"auto, (max-width: 960px) 100vw, 960px\" \/><\/figure>","protected":false},"excerpt":{"rendered":"<p>A 48\u00aa Zona Eleitoral, que atende as cidades de Elesb\u00e3o Veloso, Francin\u00f3polis, V\u00e1rzea Grande, Tanque do Piau\u00ed e Barra D\u00b4Alc\u00e2ntara vai realizar no pr\u00f3ximo dia 18 de dezembro, a solenidade&#8230;<\/p>\n","protected":false},"author":1,"featured_media":223829,"comment_status":"open","ping_status":"open","sticky":false,"template":"","format":"standard","meta":{"ngg_post_thumbnail":0,"footnotes":""},"categories":[243],"tags":[],"class_list":["post-223828","post","type-post","status-publish","format-standard","has-post-thumbnail","hentry","category-geral"],"views":250,"meta_data":{"thumb":"https:\/\/portalv1.com.br\/app\/wp-content\/uploads\/2024\/12\/juscelino.jpg","imagem":{"fullsize":{"url":"https:\/\/portalv1.com.br\/app\/wp-content\/uploads\/2024\/12\/juscelino.jpg","width":960,"height":540},"medium":{"url":"https:\/\/portalv1.com.br\/app\/wp-content\/uploads\/2024\/12\/juscelino-300x169.jpg","width":300,"height":169},"large":{"url":"https:\/\/portalv1.com.br\/app\/wp-content\/uploads\/2024\/12\/juscelino-640x360.jpg","width":640,"height":360},"thumbnail":{"url":"https:\/\/portalv1.com.br\/app\/wp-content\/uploads\/2024\/12\/juscelino-100x100.jpg","width":100,"height":100},"medium_large":{"url":"https:\/\/portalv1.com.br\/app\/wp-content\/uploads\/2024\/12\/juscelino-768x432.jpg","width":768,"height":432}},"data":{"simple":"07\/12\/2024","date_time":"07\/12\/2024 06:57:18","date":"h\u00e1 1 ano"},"chapeu":"Veja hor\u00e1rios ","source":"slide"},"_links":{"self":[{"href":"https:\/\/portalv1.com.br\/api\/wp\/v2\/posts\/223828","targetHints":{"allow":["GET"]}}],"collection":[{"href":"https:\/\/portalv1.com.br\/api\/wp\/v2\/posts"}],"about":[{"href":"https:\/\/portalv1.com.br\/api\/wp\/v2\/types\/post"}],"author":[{"embeddable":true,"href":"https:\/\/portalv1.com.br\/api\/wp\/v2\/users\/1"}],"replies":[{"embeddable":true,"href":"https:\/\/portalv1.com.br\/api\/wp\/v2\/comments?post=223828"}],"version-history":[{"count":0,"href":"https:\/\/portalv1.com.br\/api\/wp\/v2\/posts\/223828\/revisions"}],"wp:featuredmedia":[{"embeddable":true,"href":"https:\/\/portalv1.com.br\/api\/wp\/v2\/media\/223829"}],"wp:attachment":[{"href":"https:\/\/portalv1.com.br\/api\/wp\/v2\/media?parent=223828"}],"wp:term":[{"taxonomy":"category","embeddable":true,"href":"https:\/\/portalv1.com.br\/api\/wp\/v2\/categories?post=223828"},{"taxonomy":"post_tag","embeddable":true,"href":"https:\/\/portalv1.com.br\/api\/wp\/v2\/tags?post=223828"}],"curies":[{"name":"wp","href":"https:\/\/api.w.org\/{rel}","templated":true}]}}