{"id":22401,"date":"2015-12-16T12:41:53","date_gmt":"2015-12-16T15:41:53","guid":{"rendered":"https:\/\/portalv1.com.br\/?p=22401"},"modified":"2015-12-19T00:58:49","modified_gmt":"2015-12-19T03:58:49","slug":"servidores-do-emater-e-adapi-estao-correndo-risco-de-vida-em-valenca","status":"publish","type":"post","link":"https:\/\/portalv1.com.br\/servidores-do-emater-e-adapi-estao-correndo-risco-de-vida-em-valenca\/","title":{"rendered":"Servidores do Emater e Adapi est\u00e3o correndo risco de vida em Valen\u00e7a"},"content":{"rendered":"<figure id=\"attachment_22402\" aria-describedby=\"caption-attachment-22402\" style=\"width: 640px\" class=\"wp-caption aligncenter\"><a href=\"https:\/\/portalv1.com.br\/app\/wp-content\/uploads\/2015\/12\/valenca.jpg\" rel=\"attachment wp-att-22402\"><img loading=\"lazy\" decoding=\"async\" class=\"size-full wp-image-22402\" src=\"https:\/\/portalv1.com.br\/app\/wp-content\/uploads\/2015\/12\/valenca.jpg\" alt=\"No local existem carros depredados exemplificando a denuncia dos servidores. \" width=\"640\" height=\"360\" srcset=\"https:\/\/portalv1.com.br\/app\/wp-content\/uploads\/2015\/12\/valenca.jpg 640w, https:\/\/portalv1.com.br\/app\/wp-content\/uploads\/2015\/12\/valenca-300x169.jpg 300w\" sizes=\"auto, (max-width: 640px) 100vw, 640px\" \/><\/a><figcaption id=\"caption-attachment-22402\" class=\"wp-caption-text\">No local existem carros depredados exemplificando a denuncia dos servidores.<\/figcaption><\/figure>\n<p>Funcion\u00e1rios do Emater e da ADAPI em Valen\u00e7a est\u00e3o se sentindo exclu\u00eddos e abandonados pelo governo do estado. O problema se agravou depois que o governo autorizou a reforma de apenas duas salas do pr\u00e9dio para abrigar um n\u00facleo do Projeto Viva o semi\u00e1rido.<\/p>\n<p>A reclama\u00e7\u00e3o dos servidores \u00e9 que o resto do pr\u00e9dio est\u00e1 com a estrutura toda comprometida, num entanto, segundo os funcion\u00e1rios,\u00a0 o governo faz vista grossa para o problema.<\/p>\n<p>\u201cO teto t\u00e1 todo ruim, as paredes est\u00e3o rachadas, estamos correndo risco de vida\u201d disse o funcion\u00e1rio Xixico Nogueira.<\/p>\n<p>Xixico Nogueira e o colega Abdon Nunes disseram \u00e0 reportagem que o governo do estado precisa ter mais responsabilidade com os servidores e patrocinar uma reforma completa do pr\u00e9dio imediatamente.<\/p>\n<p>A reclama\u00e7\u00e3o com a estrutura do pr\u00e9dio n\u00e3o \u00e9 de hoje, mais volta \u00e0 tona devido \u00e0 reforma de parte do pr\u00e9dio em detrimento do resto da estrutura que est\u00e1 colocando em risco, a vida dos servidores.<\/p>\n<p>Sobre o problema, o coordenador regional da ADAPI, Neto Vaqueiro afirmou que enviou para Teresina um relat\u00f3rio mostrando a situa\u00e7\u00e3o do pr\u00e9dio e pedindo uma interven\u00e7\u00e3o da dire\u00e7\u00e3o, mais at\u00e9 o momento a reforma n\u00e3o foi liberada. Os funcion\u00e1rios afirmaram que pretendem realizar uma manifesta\u00e7\u00e3o no dia da inaugura\u00e7\u00e3o do n\u00facleo do Viva o Semi\u00e1rido por conta dessa decis\u00e3o do governo do estado.<\/p>\n<p><div class=\"ngg-galleryoverview\" data-widget=\"Galeria\" data-props='{&quot;galeria&quot;:{&quot;gallery_id&quot;:2013,&quot;total&quot;:11,&quot;max_page&quot;:1,&quot;page&quot;:1,&quot;images&quot;:[{&quot;pid&quot;:42917,&quot;imageURL&quot;:&quot;https:\\\/\\\/portalv1.com.br\\\/app\\\/wp-content\\\/gallery\\\/emater_1\\\/p_20151215_163736_hdr.jpg?t=1726871722&quot;,&quot;thumbnailURL&quot;:&quot;https:\\\/\\\/portalv1.com.br\\\/app\\\/wp-content\\\/gallery\\\/emater_1\\\/thumbs\\\/thumbs_p_20151215_163736_hdr.jpg?t=1726871722&quot;,&quot;description&quot;:&quot; &quot;,&quot;alttext&quot;:&quot;p_20151215_163736_hdr&quot;,&quot;style&quot;:&quot;&quot;},{&quot;pid&quot;:42918,&quot;imageURL&quot;:&quot;https:\\\/\\\/portalv1.com.br\\\/app\\\/wp-content\\\/gallery\\\/emater_1\\\/p_20151215_163808_hdr.jpg?t=1726871743&quot;,&quot;thumbnailURL&quot;:&quot;https:\\\/\\\/portalv1.com.br\\\/app\\\/wp-content\\\/gallery\\\/emater_1\\\/thumbs\\\/thumbs_p_20151215_163808_hdr.jpg?t=1726871743&quot;,&quot;description&quot;:&quot; &quot;,&quot;alttext&quot;:&quot;p_20151215_163808_hdr&quot;,&quot;style&quot;:&quot;&quot;},{&quot;pid&quot;:42919,&quot;imageURL&quot;:&quot;https:\\\/\\\/portalv1.com.br\\\/app\\\/wp-content\\\/gallery\\\/emater_1\\\/p_20151215_163831_hdr.jpg?t=1726869915&quot;,&quot;thumbnailURL&quot;:&quot;https:\\\/\\\/portalv1.com.br\\\/app\\\/wp-content\\\/gallery\\\/emater_1\\\/thumbs\\\/thumbs_p_20151215_163831_hdr.jpg?t=1726869915&quot;,&quot;description&quot;:&quot; &quot;,&quot;alttext&quot;:&quot;p_20151215_163831_hdr&quot;,&quot;style&quot;:&quot;&quot;},{&quot;pid&quot;:42920,&quot;imageURL&quot;:&quot;https:\\\/\\\/portalv1.com.br\\\/app\\\/wp-content\\\/gallery\\\/emater_1\\\/p_20151215_163908_hdr.jpg?t=1726871766&quot;,&quot;thumbnailURL&quot;:&quot;https:\\\/\\\/portalv1.com.br\\\/app\\\/wp-content\\\/gallery\\\/emater_1\\\/thumbs\\\/thumbs_p_20151215_163908_hdr.jpg?t=1726871766&quot;,&quot;description&quot;:&quot; &quot;,&quot;alttext&quot;:&quot;p_20151215_163908_hdr&quot;,&quot;style&quot;:&quot;&quot;},{&quot;pid&quot;:42921,&quot;imageURL&quot;:&quot;https:\\\/\\\/portalv1.com.br\\\/app\\\/wp-content\\\/gallery\\\/emater_1\\\/sdc11631.jpg&quot;,&quot;thumbnailURL&quot;:&quot;https:\\\/\\\/portalv1.com.br\\\/app\\\/wp-content\\\/gallery\\\/emater_1\\\/thumbs\\\/thumbs_sdc11631.jpg&quot;,&quot;description&quot;:&quot; &quot;,&quot;alttext&quot;:&quot;&quot;,&quot;style&quot;:&quot;&quot;},{&quot;pid&quot;:42922,&quot;imageURL&quot;:&quot;https:\\\/\\\/portalv1.com.br\\\/app\\\/wp-content\\\/gallery\\\/emater_1\\\/sdc11635.jpg&quot;,&quot;thumbnailURL&quot;:&quot;https:\\\/\\\/portalv1.com.br\\\/app\\\/wp-content\\\/gallery\\\/emater_1\\\/thumbs\\\/thumbs_sdc11635.jpg&quot;,&quot;description&quot;:&quot; &quot;,&quot;alttext&quot;:&quot;&quot;,&quot;style&quot;:&quot;&quot;},{&quot;pid&quot;:42923,&quot;imageURL&quot;:&quot;https:\\\/\\\/portalv1.com.br\\\/app\\\/wp-content\\\/gallery\\\/emater_1\\\/sdc11637.jpg&quot;,&quot;thumbnailURL&quot;:&quot;https:\\\/\\\/portalv1.com.br\\\/app\\\/wp-content\\\/gallery\\\/emater_1\\\/thumbs\\\/thumbs_sdc11637.jpg&quot;,&quot;description&quot;:&quot; &quot;,&quot;alttext&quot;:&quot;&quot;,&quot;style&quot;:&quot;&quot;},{&quot;pid&quot;:42924,&quot;imageURL&quot;:&quot;https:\\\/\\\/portalv1.com.br\\\/app\\\/wp-content\\\/gallery\\\/emater_1\\\/sdc11651.jpg&quot;,&quot;thumbnailURL&quot;:&quot;https:\\\/\\\/portalv1.com.br\\\/app\\\/wp-content\\\/gallery\\\/emater_1\\\/thumbs\\\/thumbs_sdc11651.jpg&quot;,&quot;description&quot;:&quot; &quot;,&quot;alttext&quot;:&quot;&quot;,&quot;style&quot;:&quot;&quot;},{&quot;pid&quot;:42925,&quot;imageURL&quot;:&quot;https:\\\/\\\/portalv1.com.br\\\/app\\\/wp-content\\\/gallery\\\/emater_1\\\/sdc11652.jpg&quot;,&quot;thumbnailURL&quot;:&quot;https:\\\/\\\/portalv1.com.br\\\/app\\\/wp-content\\\/gallery\\\/emater_1\\\/thumbs\\\/thumbs_sdc11652.jpg&quot;,&quot;description&quot;:&quot; &quot;,&quot;alttext&quot;:&quot;&quot;,&quot;style&quot;:&quot;&quot;},{&quot;pid&quot;:42926,&quot;imageURL&quot;:&quot;https:\\\/\\\/portalv1.com.br\\\/app\\\/wp-content\\\/gallery\\\/emater_1\\\/sdc11657.jpg&quot;,&quot;thumbnailURL&quot;:&quot;https:\\\/\\\/portalv1.com.br\\\/app\\\/wp-content\\\/gallery\\\/emater_1\\\/thumbs\\\/thumbs_sdc11657.jpg&quot;,&quot;description&quot;:&quot; &quot;,&quot;alttext&quot;:&quot;&quot;,&quot;style&quot;:&quot;&quot;},{&quot;pid&quot;:42927,&quot;imageURL&quot;:&quot;https:\\\/\\\/portalv1.com.br\\\/app\\\/wp-content\\\/gallery\\\/emater_1\\\/sdc11658.jpg&quot;,&quot;thumbnailURL&quot;:&quot;https:\\\/\\\/portalv1.com.br\\\/app\\\/wp-content\\\/gallery\\\/emater_1\\\/thumbs\\\/thumbs_sdc11658.jpg&quot;,&quot;description&quot;:&quot; &quot;,&quot;alttext&quot;:&quot;&quot;,&quot;style&quot;:&quot;&quot;}]}}'><\/div>.<\/p>\n","protected":false},"excerpt":{"rendered":"<p>Funcion\u00e1rios do Emater e da ADAPI em Valen\u00e7a est\u00e3o se sentindo exclu\u00eddos e abandonados pelo governo do estado. O problema se agravou depois que o governo autorizou a reforma de&#8230;<\/p>\n","protected":false},"author":1,"featured_media":0,"comment_status":"open","ping_status":"open","sticky":false,"template":"","format":"standard","meta":{"ngg_post_thumbnail":0,"footnotes":""},"categories":[12],"tags":[],"class_list":["post-22401","post","type-post","status-publish","format-standard","hentry","category-valenca-news"],"views":1029,"meta_data":{"thumb":"https:\/\/portalv1.com.br\/app\/wp-content\/uploads\/2015\/12\/valenca.jpg","data":{"simple":"16\/12\/2015","date_time":"16\/12\/2015 09:41:53","date":"h\u00e1 10 anos"},"chapeu":"Governo do estado ","source":"foto_menor"},"_links":{"self":[{"href":"https:\/\/portalv1.com.br\/api\/wp\/v2\/posts\/22401","targetHints":{"allow":["GET"]}}],"collection":[{"href":"https:\/\/portalv1.com.br\/api\/wp\/v2\/posts"}],"about":[{"href":"https:\/\/portalv1.com.br\/api\/wp\/v2\/types\/post"}],"author":[{"embeddable":true,"href":"https:\/\/portalv1.com.br\/api\/wp\/v2\/users\/1"}],"replies":[{"embeddable":true,"href":"https:\/\/portalv1.com.br\/api\/wp\/v2\/comments?post=22401"}],"version-history":[{"count":0,"href":"https:\/\/portalv1.com.br\/api\/wp\/v2\/posts\/22401\/revisions"}],"wp:attachment":[{"href":"https:\/\/portalv1.com.br\/api\/wp\/v2\/media?parent=22401"}],"wp:term":[{"taxonomy":"category","embeddable":true,"href":"https:\/\/portalv1.com.br\/api\/wp\/v2\/categories?post=22401"},{"taxonomy":"post_tag","embeddable":true,"href":"https:\/\/portalv1.com.br\/api\/wp\/v2\/tags?post=22401"}],"curies":[{"name":"wp","href":"https:\/\/api.w.org\/{rel}","templated":true}]}}