{"id":22411,"date":"2015-12-17T15:48:41","date_gmt":"2015-12-17T18:48:41","guid":{"rendered":"https:\/\/portalv1.com.br\/?p=22411"},"modified":"2015-12-18T15:50:43","modified_gmt":"2015-12-18T18:50:43","slug":"pai-do-prefeito-walfredo-filho-morre-em-teresina","status":"publish","type":"post","link":"https:\/\/portalv1.com.br\/pai-do-prefeito-walfredo-filho-morre-em-teresina\/","title":{"rendered":"Pai do prefeito Walfredo Filho morre em Teresina"},"content":{"rendered":"<figure id=\"attachment_22412\" aria-describedby=\"caption-attachment-22412\" style=\"width: 640px\" class=\"wp-caption aligncenter\"><a href=\"https:\/\/portalv1.com.br\/app\/wp-content\/uploads\/2015\/12\/12240272_723475794449532_4913586425870418317_o.jpg\" rel=\"attachment wp-att-22412\"><img loading=\"lazy\" decoding=\"async\" class=\"size-large wp-image-22412\" src=\"https:\/\/portalv1.com.br\/app\/wp-content\/uploads\/2015\/12\/12240272_723475794449532_4913586425870418317_o-640x375.jpg\" alt=\"Ele estava internado em Teresina \" width=\"640\" height=\"375\" srcset=\"https:\/\/portalv1.com.br\/app\/wp-content\/uploads\/2015\/12\/12240272_723475794449532_4913586425870418317_o-640x375.jpg 640w, https:\/\/portalv1.com.br\/app\/wp-content\/uploads\/2015\/12\/12240272_723475794449532_4913586425870418317_o-300x176.jpg 300w, https:\/\/portalv1.com.br\/app\/wp-content\/uploads\/2015\/12\/12240272_723475794449532_4913586425870418317_o-768x450.jpg 768w, https:\/\/portalv1.com.br\/app\/wp-content\/uploads\/2015\/12\/12240272_723475794449532_4913586425870418317_o.jpg 1230w\" sizes=\"auto, (max-width: 640px) 100vw, 640px\" \/><\/a><figcaption id=\"caption-attachment-22412\" class=\"wp-caption-text\">Ele estava internado em Teresina<\/figcaption><\/figure>\n<p>Faleceu nesta quinta-feira, 17 de dezembro o senhor Walfredo Carvalho (65), pai do prefeito Walfredo Filho. Ele estava internado h\u00e1 v\u00e1rios dias em Teresina. O corpo dever\u00e1 chegar a Valen\u00e7a ainda nesta quinta-feira. O prefeito Walfredo Filho comentou sobre a morte do seu pai.<\/p>\n<p>\u201cMeu pai se recuperava de uma cirurgia para retirada de um c\u00e2ncer na bexiga. Ele tamb\u00e9m era diab\u00e9tico e hipertenso, e por causa disso, houve uma s\u00e9rie de complica\u00e7\u00f5es durante o tratamento\u201d, disse.\u00a0O vel\u00f3rio ser\u00e1 realizado em sua resid\u00eancia, localizada na rua S\u00e3o Jo\u00e3o no Centro da cidade, a partir das 21h, e o enterro acontece nesta sexta-feira, dia 18.<\/p>\n<p>A morte do pai do prefeito j\u00e1 repercutiu nas redes sociais. O prefeito de Pimenteiras e o empres\u00e1rio Marcelo Costa e o presidente da c\u00e2mara Get\u00falio Gomes emitiram notas de pesar.<\/p>\n<p><strong>Nota de Pesar<\/strong><\/p>\n<p>Em nome do munic\u00edpio de Pimenteiras, venho externar meu mais profundo pesar pelo falecimento do senhor Walfredo Carvalho, pai do nobre colega, prefeito de Valen\u00e7a do Piau\u00ed, Walfredo Filho.<\/p>\n<p>Nesse momento de dor, me uno \u00e0 enlutada fam\u00edlia pela perda do homem, do pai, do av\u00f4, do esposo e do amigo que demonstrou com gestos e atitudes seu car\u00e1ter na labuta di\u00e1ria do sustento de sua fam\u00edlia.<\/p>\n<p>Receba a fam\u00edlia enlutada as mais sinceras condol\u00eancias do povo pimenteirense e votos de que Deus em sua infinita bondade, possa confortar seus cora\u00e7\u00f5es.<\/p>\n<p>Ant\u00f4nio Venicio do \u00d3 de Lima<\/p>\n<p><strong>Prefeito Municipal de Pimenteiras<\/strong><\/p>\n<p>&nbsp;<\/p>\n<p><strong>Nota de Pesar<\/strong><\/p>\n<p>Venho a publico lamentar o passamento do senhor Walfredo Carvalho, pai do Prefeito do municipal Walfredo Filho.<\/p>\n<p>Neste momento de rogo a Deus que d\u00ea o conforto necess\u00e1rio \u00e0 fam\u00edlia enlutada e aos amigos que acompanharam toda a hist\u00f3ria de vida do senhor Walfredo Carvalho que assim como tantos escolheu Valen\u00e7a para morar e construir a sua fam\u00edlia.<\/p>\n<p>A eles nossos mais sinceros votos de pesar.<\/p>\n<p><strong>Marcelo Costa<\/strong><\/p>\n<p>A C\u00e2mara Municipal de Valen\u00e7a do Piau\u00ed &#8211; PI, vem a p\u00fablico externar o mais profundo sentimento de pesar pelo falecimento do Sr. Walfredo, Pai do Exmo. Sr. Prefeito Municipal Walfredo Filho.<\/p>\n<p>Pedimos a Deus que conforte seus cora\u00e7\u00f5es e que d\u00ea for\u00e7as para transformar a dor desta perda irrepar\u00e1vel em f\u00e9 e esperan\u00e7a.<\/p>\n<p>Solid\u00e1rios a dor desta perda, os Vereadores de Valen\u00e7a do Piau\u00ed prestam p\u00easames aos familiares e amigos enlutados.<\/p>\n<div class=\"text_exposed_show\">\n<p><strong>Get\u00falio Gomes<\/strong><br \/>\n<strong>Presidente<\/strong><\/p>\n<\/div>\n","protected":false},"excerpt":{"rendered":"<p>Faleceu nesta quinta-feira, 17 de dezembro o senhor Walfredo Carvalho (65), pai do prefeito Walfredo Filho. Ele estava internado h\u00e1 v\u00e1rios dias em Teresina. O corpo dever\u00e1 chegar a Valen\u00e7a&#8230;<\/p>\n","protected":false},"author":1,"featured_media":22412,"comment_status":"open","ping_status":"open","sticky":false,"template":"","format":"standard","meta":{"ngg_post_thumbnail":0,"footnotes":""},"categories":[12],"tags":[],"class_list":["post-22411","post","type-post","status-publish","format-standard","has-post-thumbnail","hentry","category-valenca-news"],"views":1687,"meta_data":{"thumb":"https:\/\/portalv1.com.br\/app\/wp-content\/uploads\/2015\/12\/12240272_723475794449532_4913586425870418317_o.jpg","imagem":{"fullsize":{"url":"https:\/\/portalv1.com.br\/app\/wp-content\/uploads\/2015\/12\/12240272_723475794449532_4913586425870418317_o.jpg","width":1230,"height":720},"thumbnail":{"url":"https:\/\/portalv1.com.br\/app\/wp-content\/uploads\/2015\/12\/12240272_723475794449532_4913586425870418317_o-100x100.jpg","width":100,"height":100},"medium":{"url":"https:\/\/portalv1.com.br\/app\/wp-content\/uploads\/2015\/12\/12240272_723475794449532_4913586425870418317_o-300x176.jpg","width":300,"height":176},"medium_large":{"url":"https:\/\/portalv1.com.br\/app\/wp-content\/uploads\/2015\/12\/12240272_723475794449532_4913586425870418317_o-768x450.jpg","width":768,"height":450},"large":{"url":"https:\/\/portalv1.com.br\/app\/wp-content\/uploads\/2015\/12\/12240272_723475794449532_4913586425870418317_o-640x375.jpg","width":640,"height":375}},"data":{"simple":"17\/12\/2015","date_time":"17\/12\/2015 12:48:41","date":"h\u00e1 10 anos"},"chapeu":"LUTO ","source":"retirar"},"_links":{"self":[{"href":"https:\/\/portalv1.com.br\/api\/wp\/v2\/posts\/22411","targetHints":{"allow":["GET"]}}],"collection":[{"href":"https:\/\/portalv1.com.br\/api\/wp\/v2\/posts"}],"about":[{"href":"https:\/\/portalv1.com.br\/api\/wp\/v2\/types\/post"}],"author":[{"embeddable":true,"href":"https:\/\/portalv1.com.br\/api\/wp\/v2\/users\/1"}],"replies":[{"embeddable":true,"href":"https:\/\/portalv1.com.br\/api\/wp\/v2\/comments?post=22411"}],"version-history":[{"count":0,"href":"https:\/\/portalv1.com.br\/api\/wp\/v2\/posts\/22411\/revisions"}],"wp:featuredmedia":[{"embeddable":true,"href":"https:\/\/portalv1.com.br\/api\/wp\/v2\/media\/22412"}],"wp:attachment":[{"href":"https:\/\/portalv1.com.br\/api\/wp\/v2\/media?parent=22411"}],"wp:term":[{"taxonomy":"category","embeddable":true,"href":"https:\/\/portalv1.com.br\/api\/wp\/v2\/categories?post=22411"},{"taxonomy":"post_tag","embeddable":true,"href":"https:\/\/portalv1.com.br\/api\/wp\/v2\/tags?post=22411"}],"curies":[{"name":"wp","href":"https:\/\/api.w.org\/{rel}","templated":true}]}}