{"id":22419,"date":"2015-12-18T15:41:20","date_gmt":"2015-12-18T18:41:20","guid":{"rendered":"https:\/\/portalv1.com.br\/?p=22419"},"modified":"2015-12-20T01:27:30","modified_gmt":"2015-12-20T04:27:30","slug":"corpo-do-senhor-walfredo-carvalho-foi-sepultado-fotos","status":"publish","type":"post","link":"https:\/\/portalv1.com.br\/corpo-do-senhor-walfredo-carvalho-foi-sepultado-fotos\/","title":{"rendered":"Corpo do senhor Walfredo Carvalho foi sepultado. Fotos"},"content":{"rendered":"<figure id=\"attachment_22420\" aria-describedby=\"caption-attachment-22420\" style=\"width: 640px\" class=\"wp-caption aligncenter\"><a href=\"https:\/\/portalv1.com.br\/app\/wp-content\/uploads\/2015\/12\/br-316.jpg\" rel=\"attachment wp-att-22420\"><img loading=\"lazy\" decoding=\"async\" class=\"wp-image-22420 size-large\" src=\"https:\/\/portalv1.com.br\/app\/wp-content\/uploads\/2015\/12\/br-316-640x427.jpg\" alt=\"br 316\" width=\"640\" height=\"427\" srcset=\"https:\/\/portalv1.com.br\/app\/wp-content\/uploads\/2015\/12\/br-316.jpg 640w, https:\/\/portalv1.com.br\/app\/wp-content\/uploads\/2015\/12\/br-316-300x200.jpg 300w\" sizes=\"auto, (max-width: 640px) 100vw, 640px\" \/><\/a><figcaption id=\"caption-attachment-22420\" class=\"wp-caption-text\">59 carros seguiram o cortejo at\u00e9 o cemit\u00e9rio.<\/figcaption><\/figure>\n<p>Foi sepultado no cemit\u00e9rio S\u00e3o Benedito, nesta sexta-feira, 18 de dezembro, o corpo do senhor Walfredo Carvalho, pai do prefeito de Valen\u00e7a Walfredo Filho. Ap\u00f3s o vel\u00f3rio realizado por toda a noite em sua resid\u00eancia, o corpo foi levado para a Igreja Matriz de Nossa Senhora do \u00d3 e Concei\u00e7\u00e3o, onde amigos e familiares se despediram na missa de corpo presente celebrada pelo padre Klebert Viana.<\/p>\n<p>Na celebra\u00e7\u00e3o, o padre falou sobre algumas a\u00e7\u00f5es realizadas pelo mesmo em prol da comunidade e afirmou que as presen\u00e7as de pessoas de diferentes realidades sociais na missa mostram a variedade de amigos conquistados ao longo dos seus 65 anos de vida.<\/p>\n<p>Walfredo Carvalho fazia parte de uma comunidade de pessoas vindas do Rio Grande Norte respons\u00e1vel na \u00e9poca pela constru\u00e7\u00e3o da BR 316, no trecho entre Valen\u00e7a e Picos.<\/p>\n<p>Ele era motorista do capit\u00e3o Edisio que comandava o 3\u00ba BEC que ficou sediado em Valen\u00e7a no ano de 1973. Depois de concluir a estrada ele e outros permaneceram em Valen\u00e7a onde j\u00e1 mantinha la\u00e7os amorosos e de amizades com os valencianos.<\/p>\n<p>Ele trabalhou ainda na Empresa Itapemirim e depois permaneceu exercendo sua profiss\u00e3o de motorista agora de forma particular. Walfredo Carvalho deixa esposa, dois filhos, netos e muitos amigos. Ele morreu nesta quinta-feira (17) de fal\u00eancia m\u00faltiplas dos \u00f3rg\u00e3os. Ele lutava contra um c\u00e2ncer na bexiga. 59 carros seguiram o cortejo at\u00e9 o cemit\u00e9rio.<\/p>\n<p><div class=\"ngg-galleryoverview\" data-widget=\"Galeria\" data-props='{&quot;galeria&quot;:{&quot;gallery_id&quot;:2019,&quot;total&quot;:16,&quot;max_page&quot;:1,&quot;page&quot;:1,&quot;images&quot;:[{&quot;pid&quot;:43037,&quot;imageURL&quot;:&quot;https:\\\/\\\/portalv1.com.br\\\/app\\\/wp-content\\\/gallery\\\/walfredo-pai\\\/dsc_0890.jpg?t=1713771171&quot;,&quot;thumbnailURL&quot;:&quot;https:\\\/\\\/portalv1.com.br\\\/app\\\/wp-content\\\/gallery\\\/walfredo-pai\\\/thumbs\\\/thumbs_dsc_0890.jpg?t=1713771171&quot;,&quot;description&quot;:&quot; &quot;,&quot;alttext&quot;:&quot;dsc_0890&quot;,&quot;style&quot;:&quot;&quot;},{&quot;pid&quot;:43038,&quot;imageURL&quot;:&quot;https:\\\/\\\/portalv1.com.br\\\/app\\\/wp-content\\\/gallery\\\/walfredo-pai\\\/dsc_0895.jpg?t=1713773114&quot;,&quot;thumbnailURL&quot;:&quot;https:\\\/\\\/portalv1.com.br\\\/app\\\/wp-content\\\/gallery\\\/walfredo-pai\\\/thumbs\\\/thumbs_dsc_0895.jpg?t=1713773114&quot;,&quot;description&quot;:&quot; &quot;,&quot;alttext&quot;:&quot;dsc_0895&quot;,&quot;style&quot;:&quot;&quot;},{&quot;pid&quot;:43039,&quot;imageURL&quot;:&quot;https:\\\/\\\/portalv1.com.br\\\/app\\\/wp-content\\\/gallery\\\/walfredo-pai\\\/dsc_0900.jpg?t=1713773232&quot;,&quot;thumbnailURL&quot;:&quot;https:\\\/\\\/portalv1.com.br\\\/app\\\/wp-content\\\/gallery\\\/walfredo-pai\\\/thumbs\\\/thumbs_dsc_0900.jpg?t=1713773232&quot;,&quot;description&quot;:&quot;????????????????????????????????????&quot;,&quot;alttext&quot;:&quot;dsc_0900&quot;,&quot;style&quot;:&quot;&quot;},{&quot;pid&quot;:43040,&quot;imageURL&quot;:&quot;https:\\\/\\\/portalv1.com.br\\\/app\\\/wp-content\\\/gallery\\\/walfredo-pai\\\/dsc_0907.jpg?t=1713773438&quot;,&quot;thumbnailURL&quot;:&quot;https:\\\/\\\/portalv1.com.br\\\/app\\\/wp-content\\\/gallery\\\/walfredo-pai\\\/thumbs\\\/thumbs_dsc_0907.jpg?t=1713773438&quot;,&quot;description&quot;:&quot; &quot;,&quot;alttext&quot;:&quot;dsc_0907&quot;,&quot;style&quot;:&quot;&quot;},{&quot;pid&quot;:43041,&quot;imageURL&quot;:&quot;https:\\\/\\\/portalv1.com.br\\\/app\\\/wp-content\\\/gallery\\\/walfredo-pai\\\/dsc_0915.jpg?t=1713773144&quot;,&quot;thumbnailURL&quot;:&quot;https:\\\/\\\/portalv1.com.br\\\/app\\\/wp-content\\\/gallery\\\/walfredo-pai\\\/thumbs\\\/thumbs_dsc_0915.jpg?t=1713773144&quot;,&quot;description&quot;:&quot; &quot;,&quot;alttext&quot;:&quot;dsc_0915&quot;,&quot;style&quot;:&quot;&quot;},{&quot;pid&quot;:43043,&quot;imageURL&quot;:&quot;https:\\\/\\\/portalv1.com.br\\\/app\\\/wp-content\\\/gallery\\\/walfredo-pai\\\/dsc_0921.jpg?t=1713773468&quot;,&quot;thumbnailURL&quot;:&quot;https:\\\/\\\/portalv1.com.br\\\/app\\\/wp-content\\\/gallery\\\/walfredo-pai\\\/thumbs\\\/thumbs_dsc_0921.jpg?t=1713773468&quot;,&quot;description&quot;:&quot; &quot;,&quot;alttext&quot;:&quot;dsc_0921&quot;,&quot;style&quot;:&quot;&quot;},{&quot;pid&quot;:43044,&quot;imageURL&quot;:&quot;https:\\\/\\\/portalv1.com.br\\\/app\\\/wp-content\\\/gallery\\\/walfredo-pai\\\/dsc_0939.jpg?t=1713772997&quot;,&quot;thumbnailURL&quot;:&quot;https:\\\/\\\/portalv1.com.br\\\/app\\\/wp-content\\\/gallery\\\/walfredo-pai\\\/thumbs\\\/thumbs_dsc_0939.jpg?t=1713772997&quot;,&quot;description&quot;:&quot; &quot;,&quot;alttext&quot;:&quot;dsc_0939&quot;,&quot;style&quot;:&quot;&quot;},{&quot;pid&quot;:43045,&quot;imageURL&quot;:&quot;https:\\\/\\\/portalv1.com.br\\\/app\\\/wp-content\\\/gallery\\\/walfredo-pai\\\/dsc_0945.jpg?t=1713774793&quot;,&quot;thumbnailURL&quot;:&quot;https:\\\/\\\/portalv1.com.br\\\/app\\\/wp-content\\\/gallery\\\/walfredo-pai\\\/thumbs\\\/thumbs_dsc_0945.jpg?t=1713774793&quot;,&quot;description&quot;:&quot; &quot;,&quot;alttext&quot;:&quot;dsc_0945&quot;,&quot;style&quot;:&quot;&quot;},{&quot;pid&quot;:43046,&quot;imageURL&quot;:&quot;https:\\\/\\\/portalv1.com.br\\\/app\\\/wp-content\\\/gallery\\\/walfredo-pai\\\/dsc_0949.jpg?t=1713773203&quot;,&quot;thumbnailURL&quot;:&quot;https:\\\/\\\/portalv1.com.br\\\/app\\\/wp-content\\\/gallery\\\/walfredo-pai\\\/thumbs\\\/thumbs_dsc_0949.jpg?t=1713773203&quot;,&quot;description&quot;:&quot; &quot;,&quot;alttext&quot;:&quot;dsc_0949&quot;,&quot;style&quot;:&quot;&quot;},{&quot;pid&quot;:43047,&quot;imageURL&quot;:&quot;https:\\\/\\\/portalv1.com.br\\\/app\\\/wp-content\\\/gallery\\\/walfredo-pai\\\/dsc_0957.jpg?t=1713773291&quot;,&quot;thumbnailURL&quot;:&quot;https:\\\/\\\/portalv1.com.br\\\/app\\\/wp-content\\\/gallery\\\/walfredo-pai\\\/thumbs\\\/thumbs_dsc_0957.jpg?t=1713773291&quot;,&quot;description&quot;:&quot; &quot;,&quot;alttext&quot;:&quot;dsc_0957&quot;,&quot;style&quot;:&quot;&quot;},{&quot;pid&quot;:43048,&quot;imageURL&quot;:&quot;https:\\\/\\\/portalv1.com.br\\\/app\\\/wp-content\\\/gallery\\\/walfredo-pai\\\/dsc_0958.jpg?t=1713773055&quot;,&quot;thumbnailURL&quot;:&quot;https:\\\/\\\/portalv1.com.br\\\/app\\\/wp-content\\\/gallery\\\/walfredo-pai\\\/thumbs\\\/thumbs_dsc_0958.jpg?t=1713773055&quot;,&quot;description&quot;:&quot; &quot;,&quot;alttext&quot;:&quot;dsc_0958&quot;,&quot;style&quot;:&quot;&quot;},{&quot;pid&quot;:43049,&quot;imageURL&quot;:&quot;https:\\\/\\\/portalv1.com.br\\\/app\\\/wp-content\\\/gallery\\\/walfredo-pai\\\/dsc_0966.jpg?t=1713774851&quot;,&quot;thumbnailURL&quot;:&quot;https:\\\/\\\/portalv1.com.br\\\/app\\\/wp-content\\\/gallery\\\/walfredo-pai\\\/thumbs\\\/thumbs_dsc_0966.jpg?t=1713774851&quot;,&quot;description&quot;:&quot; &quot;,&quot;alttext&quot;:&quot;dsc_0966&quot;,&quot;style&quot;:&quot;&quot;},{&quot;pid&quot;:43050,&quot;imageURL&quot;:&quot;https:\\\/\\\/portalv1.com.br\\\/app\\\/wp-content\\\/gallery\\\/walfredo-pai\\\/dsc_0982.jpg?t=1713769375&quot;,&quot;thumbnailURL&quot;:&quot;https:\\\/\\\/portalv1.com.br\\\/app\\\/wp-content\\\/gallery\\\/walfredo-pai\\\/thumbs\\\/thumbs_dsc_0982.jpg?t=1713769375&quot;,&quot;description&quot;:&quot; &quot;,&quot;alttext&quot;:&quot;dsc_0982&quot;,&quot;style&quot;:&quot;&quot;},{&quot;pid&quot;:43051,&quot;imageURL&quot;:&quot;https:\\\/\\\/portalv1.com.br\\\/app\\\/wp-content\\\/gallery\\\/walfredo-pai\\\/dsc_0987.jpg?t=1713773350&quot;,&quot;thumbnailURL&quot;:&quot;https:\\\/\\\/portalv1.com.br\\\/app\\\/wp-content\\\/gallery\\\/walfredo-pai\\\/thumbs\\\/thumbs_dsc_0987.jpg?t=1713773350&quot;,&quot;description&quot;:&quot; &quot;,&quot;alttext&quot;:&quot;dsc_0987&quot;,&quot;style&quot;:&quot;&quot;},{&quot;pid&quot;:43052,&quot;imageURL&quot;:&quot;https:\\\/\\\/portalv1.com.br\\\/app\\\/wp-content\\\/gallery\\\/walfredo-pai\\\/dsc_0989.jpg?t=1713773379&quot;,&quot;thumbnailURL&quot;:&quot;https:\\\/\\\/portalv1.com.br\\\/app\\\/wp-content\\\/gallery\\\/walfredo-pai\\\/thumbs\\\/thumbs_dsc_0989.jpg?t=1713773379&quot;,&quot;description&quot;:&quot; &quot;,&quot;alttext&quot;:&quot;dsc_0989&quot;,&quot;style&quot;:&quot;&quot;},{&quot;pid&quot;:43053,&quot;imageURL&quot;:&quot;https:\\\/\\\/portalv1.com.br\\\/app\\\/wp-content\\\/gallery\\\/walfredo-pai\\\/dsc_0994.jpg?t=1713773527&quot;,&quot;thumbnailURL&quot;:&quot;https:\\\/\\\/portalv1.com.br\\\/app\\\/wp-content\\\/gallery\\\/walfredo-pai\\\/thumbs\\\/thumbs_dsc_0994.jpg?t=1713773527&quot;,&quot;description&quot;:&quot; &quot;,&quot;alttext&quot;:&quot;dsc_0994&quot;,&quot;style&quot;:&quot;&quot;}]}}'><\/div>.<\/p>\n","protected":false},"excerpt":{"rendered":"<p>Foi sepultado no cemit\u00e9rio S\u00e3o Benedito, nesta sexta-feira, 18 de dezembro, o corpo do senhor Walfredo Carvalho, pai do prefeito de Valen\u00e7a Walfredo Filho. Ap\u00f3s o vel\u00f3rio realizado por toda&#8230;<\/p>\n","protected":false},"author":1,"featured_media":22420,"comment_status":"open","ping_status":"open","sticky":false,"template":"","format":"standard","meta":{"ngg_post_thumbnail":0,"footnotes":""},"categories":[12],"tags":[],"class_list":["post-22419","post","type-post","status-publish","format-standard","has-post-thumbnail","hentry","category-valenca-news"],"views":1956,"meta_data":{"thumb":"https:\/\/portalv1.com.br\/app\/wp-content\/uploads\/2015\/12\/br-316.jpg","imagem":{"fullsize":{"url":"https:\/\/portalv1.com.br\/app\/wp-content\/uploads\/2015\/12\/br-316.jpg","width":640,"height":427},"thumbnail":{"url":"https:\/\/portalv1.com.br\/app\/wp-content\/uploads\/2015\/12\/br-316-100x100.jpg","width":100,"height":100},"medium":{"url":"https:\/\/portalv1.com.br\/app\/wp-content\/uploads\/2015\/12\/br-316-300x200.jpg","width":300,"height":200},"large":{"url":"https:\/\/portalv1.com.br\/app\/wp-content\/uploads\/2015\/12\/br-316-640x427.jpg","width":640,"height":427}},"data":{"simple":"18\/12\/2015","date_time":"18\/12\/2015 12:41:20","date":"h\u00e1 10 anos"},"chapeu":"LUTO","source":"retirar"},"_links":{"self":[{"href":"https:\/\/portalv1.com.br\/api\/wp\/v2\/posts\/22419","targetHints":{"allow":["GET"]}}],"collection":[{"href":"https:\/\/portalv1.com.br\/api\/wp\/v2\/posts"}],"about":[{"href":"https:\/\/portalv1.com.br\/api\/wp\/v2\/types\/post"}],"author":[{"embeddable":true,"href":"https:\/\/portalv1.com.br\/api\/wp\/v2\/users\/1"}],"replies":[{"embeddable":true,"href":"https:\/\/portalv1.com.br\/api\/wp\/v2\/comments?post=22419"}],"version-history":[{"count":0,"href":"https:\/\/portalv1.com.br\/api\/wp\/v2\/posts\/22419\/revisions"}],"wp:featuredmedia":[{"embeddable":true,"href":"https:\/\/portalv1.com.br\/api\/wp\/v2\/media\/22420"}],"wp:attachment":[{"href":"https:\/\/portalv1.com.br\/api\/wp\/v2\/media?parent=22419"}],"wp:term":[{"taxonomy":"category","embeddable":true,"href":"https:\/\/portalv1.com.br\/api\/wp\/v2\/categories?post=22419"},{"taxonomy":"post_tag","embeddable":true,"href":"https:\/\/portalv1.com.br\/api\/wp\/v2\/tags?post=22419"}],"curies":[{"name":"wp","href":"https:\/\/api.w.org\/{rel}","templated":true}]}}