{"id":224317,"date":"2024-12-10T08:07:46","date_gmt":"2024-12-10T11:07:46","guid":{"rendered":"https:\/\/portalv1.com.br\/?p=224317"},"modified":"2025-01-07T12:28:47","modified_gmt":"2025-01-07T15:28:47","slug":"prefeitura-de-valenca-anuncia-o-cantor-pablo-e-forro-real-no-festejo-da-cidade","status":"publish","type":"post","link":"https:\/\/portalv1.com.br\/prefeitura-de-valenca-anuncia-o-cantor-pablo-e-forro-real-no-festejo-da-cidade\/","title":{"rendered":"Prefeitura de Valen\u00e7a anuncia o cantor Pablo e Forr\u00f3 Real no festejo da cidade"},"content":{"rendered":"\n<p>A Prefeitura de Valen\u00e7a confirmou para o feriado municipal de 26 de dezembro, dia da padroeira Nossa Senhora do \u00d3 e Concei\u00e7\u00e3o, a realiza\u00e7\u00e3o de uma grande festa no est\u00e1dio municipal Gaud\u00eancio Veloso com grandes atra\u00e7\u00f5es e entrada gratuita.<\/p>\n\n\n\n<p>J\u00e1 est\u00e1 confirmado o cantor Pablo, conhecido em todo o Brasil pela sua performance no palco e por ser&nbsp; um dos grandes expoentes do g\u00eanero \u201cSofr\u00eancia\u201d, uma mistura de sertanejo e arrocha.<\/p>\n\n\n\n<p>O p\u00fablico vai poder curtir sucessos como \u201cPorque Homem N\u00e3o Chora\u201d e \u201cFui Fiel\u201d, m\u00fasicas que ca\u00edram no gosto popular e ajudaram a consolidar a carreira de Pablo como um dos grandes nomes da sofr\u00eancia.<\/p>\n\n\n\n<p>Outra atra\u00e7\u00e3o confirmada \u00e9 o Forr\u00f3 Real, que \u00e9 sucesso em todo o Brasil h\u00e1 d\u00e9cadas.<\/p>\n\n\n\n<p>Essa ser\u00e1 a primeira vez que a prefeitura realizar\u00e1 uma evento dessa grandeza no festejo da cidade e o desejo do prefeito Marcelo Costa \u00e9 inserir a data no calend\u00e1rio de eventos do munic\u00edpio com a realiza\u00e7\u00e3o de shows numa data t\u00e3o significativa quanto a festa da padroeira, que fica entre o natal e ano novo, per\u00edodo em que a cidade recebe muitos turistas e valencianos residentes em outras cidades.<\/p>\n\n\n\n<figure class=\"wp-block-image size-large\"><img loading=\"lazy\" decoding=\"async\" width=\"640\" height=\"1138\" src=\"https:\/\/portalv1.com.br\/app\/wp-content\/uploads\/2024\/12\/WhatsApp-Image-2024-12-09-at-20.08.52-1-640x1138.jpeg\" alt=\"\" class=\"wp-image-224318\" srcset=\"https:\/\/portalv1.com.br\/app\/wp-content\/uploads\/2024\/12\/WhatsApp-Image-2024-12-09-at-20.08.52-1-640x1138.jpeg 640w, https:\/\/portalv1.com.br\/app\/wp-content\/uploads\/2024\/12\/WhatsApp-Image-2024-12-09-at-20.08.52-1-300x533.jpeg 300w, https:\/\/portalv1.com.br\/app\/wp-content\/uploads\/2024\/12\/WhatsApp-Image-2024-12-09-at-20.08.52-1.jpeg 720w\" sizes=\"auto, (max-width: 640px) 100vw, 640px\" \/><\/figure>\n\n\n\n<figure class=\"wp-block-embed is-type-video is-provider-youtube wp-block-embed-youtube wp-embed-aspect-16-9 wp-has-aspect-ratio\"><div class=\"wp-block-embed__wrapper\">\n<div class=\"content-iframe\" data-content-width=\"600\"><iframe loading=\"lazy\" title=\"Pablo - Porque Homem N\u00e3o Chora (\u00c9 S\u00f3 Dizer Que Sim) [Clipe Oficial]\" width=\"600\" height=\"338\" src=\"https:\/\/www.youtube.com\/embed\/QLoZhUpzNzQ?feature=oembed\" frameborder=\"0\" allow=\"accelerometer; autoplay; clipboard-write; encrypted-media; gyroscope; picture-in-picture; web-share\" referrerpolicy=\"strict-origin-when-cross-origin\" allowfullscreen><\/iframe><\/div>\n<\/div><\/figure>\n","protected":false},"excerpt":{"rendered":"<p>A Prefeitura de Valen\u00e7a confirmou para o feriado municipal de 26 de dezembro, dia da padroeira Nossa Senhora do \u00d3 e Concei\u00e7\u00e3o, a realiza\u00e7\u00e3o de uma grande festa no est\u00e1dio&#8230;<\/p>\n","protected":false},"author":1,"featured_media":224319,"comment_status":"open","ping_status":"open","sticky":false,"template":"","format":"standard","meta":{"ngg_post_thumbnail":0,"footnotes":""},"categories":[243],"tags":[],"class_list":["post-224317","post","type-post","status-publish","format-standard","has-post-thumbnail","hentry","category-geral"],"views":904,"meta_data":{"thumb":"https:\/\/portalv1.com.br\/app\/wp-content\/uploads\/2024\/12\/pablo.jpg","imagem":{"fullsize":{"url":"https:\/\/portalv1.com.br\/app\/wp-content\/uploads\/2024\/12\/pablo.jpg","width":600,"height":315},"medium":{"url":"https:\/\/portalv1.com.br\/app\/wp-content\/uploads\/2024\/12\/pablo-300x158.jpg","width":300,"height":158},"thumbnail":{"url":"https:\/\/portalv1.com.br\/app\/wp-content\/uploads\/2024\/12\/pablo-100x100.jpg","width":100,"height":100}},"data":{"simple":"10\/12\/2024","date_time":"10\/12\/2024 05:07:46","date":"h\u00e1 1 ano"},"chapeu":"Dia 26 de dezembro","source":"slide"},"_links":{"self":[{"href":"https:\/\/portalv1.com.br\/api\/wp\/v2\/posts\/224317","targetHints":{"allow":["GET"]}}],"collection":[{"href":"https:\/\/portalv1.com.br\/api\/wp\/v2\/posts"}],"about":[{"href":"https:\/\/portalv1.com.br\/api\/wp\/v2\/types\/post"}],"author":[{"embeddable":true,"href":"https:\/\/portalv1.com.br\/api\/wp\/v2\/users\/1"}],"replies":[{"embeddable":true,"href":"https:\/\/portalv1.com.br\/api\/wp\/v2\/comments?post=224317"}],"version-history":[{"count":0,"href":"https:\/\/portalv1.com.br\/api\/wp\/v2\/posts\/224317\/revisions"}],"wp:featuredmedia":[{"embeddable":true,"href":"https:\/\/portalv1.com.br\/api\/wp\/v2\/media\/224319"}],"wp:attachment":[{"href":"https:\/\/portalv1.com.br\/api\/wp\/v2\/media?parent=224317"}],"wp:term":[{"taxonomy":"category","embeddable":true,"href":"https:\/\/portalv1.com.br\/api\/wp\/v2\/categories?post=224317"},{"taxonomy":"post_tag","embeddable":true,"href":"https:\/\/portalv1.com.br\/api\/wp\/v2\/tags?post=224317"}],"curies":[{"name":"wp","href":"https:\/\/api.w.org\/{rel}","templated":true}]}}