{"id":22450,"date":"2015-12-23T00:10:02","date_gmt":"2015-12-23T03:10:02","guid":{"rendered":"https:\/\/portalv1.com.br\/?p=22450"},"modified":"2015-12-22T22:56:42","modified_gmt":"2015-12-23T01:56:42","slug":"chegou-o-dia-hoje-tem-avioes-desejo-e-forro-dos-plays-em-valenca","status":"publish","type":"post","link":"https:\/\/portalv1.com.br\/chegou-o-dia-hoje-tem-avioes-desejo-e-forro-dos-plays-em-valenca\/","title":{"rendered":"Chegou o dia. Hoje tem Avi\u00f5es, Desejo e Forro dos Plays em Valen\u00e7a"},"content":{"rendered":"<p><a href=\"https:\/\/portalv1.com.br\/app\/wp-content\/uploads\/2015\/12\/shows.jpg\" rel=\"attachment wp-att-22451\"><img loading=\"lazy\" decoding=\"async\" class=\"alignright size-medium wp-image-22451\" src=\"https:\/\/portalv1.com.br\/app\/wp-content\/uploads\/2015\/12\/shows-300x300.jpg\" alt=\"shows\" width=\"300\" height=\"300\" srcset=\"https:\/\/portalv1.com.br\/app\/wp-content\/uploads\/2015\/12\/shows-300x300.jpg 300w, https:\/\/portalv1.com.br\/app\/wp-content\/uploads\/2015\/12\/shows-100x100.jpg 100w, https:\/\/portalv1.com.br\/app\/wp-content\/uploads\/2015\/12\/shows.jpg 550w\" sizes=\"auto, (max-width: 300px) 100vw, 300px\" \/><\/a>As bandas Avi\u00f5es do Forr\u00f3, Desejo de Menina e Forr\u00f3 dos Plays, se apresentam logo mais a noite no primeiro Mega show dos Festejos de Valen\u00e7a do Piau\u00ed 2015. Os shows est\u00e3o previstos para come\u00e7arem \u00e0s 21h30 no gramado do est\u00e1dio municipal Gaud\u00eancio Veloso no Centro.<\/p>\n<p>Segundo a organiza\u00e7\u00e3o do evento, a estrutura montada na Arena de Shows, conta com banheiros, camarotes, espa\u00e7o open bar, ala vip e seguran\u00e7a.<\/p>\n<p>Os ingressos para o show est\u00e3o \u00e0 venda na portaria da R\u00e1dio FM Cidade (Lavanderia) e Bar do Nelsinho (Centro).<\/p>\n<p>No s\u00e1bado (26), ser\u00e1 a vez da banda cearense Solteir\u00f5es do Forr\u00f3, Avn\u00e9h Vinny e X\u00e9 Pop se apresentarem. O show est\u00e1 previsto para come\u00e7ar as 21h30. A festa \u00e9 a mais esperada desse natal em Valen\u00e7a e deve atrair muita gente n\u00e3o s\u00f3 de Valen\u00e7a, mais de outras regi\u00f5es.<\/p>\n","protected":false},"excerpt":{"rendered":"<p>As bandas Avi\u00f5es do Forr\u00f3, Desejo de Menina e Forr\u00f3 dos Plays, se apresentam logo mais a noite no primeiro Mega show dos Festejos de Valen\u00e7a do Piau\u00ed 2015. Os&#8230;<\/p>\n","protected":false},"author":1,"featured_media":22452,"comment_status":"open","ping_status":"open","sticky":false,"template":"","format":"standard","meta":{"ngg_post_thumbnail":0,"footnotes":""},"categories":[12],"tags":[],"class_list":["post-22450","post","type-post","status-publish","format-standard","has-post-thumbnail","hentry","category-valenca-news"],"views":509,"meta_data":{"thumb":"https:\/\/portalv1.com.br\/app\/wp-content\/uploads\/2015\/12\/shows-1.jpg","imagem":{"fullsize":{"url":"https:\/\/portalv1.com.br\/app\/wp-content\/uploads\/2015\/12\/shows-1.jpg","width":550,"height":550},"thumbnail":{"url":"https:\/\/portalv1.com.br\/app\/wp-content\/uploads\/2015\/12\/shows-1-100x100.jpg","width":100,"height":100},"medium":{"url":"https:\/\/portalv1.com.br\/app\/wp-content\/uploads\/2015\/12\/shows-1-300x300.jpg","width":300,"height":300}},"data":{"simple":"22\/12\/2015","date_time":"22\/12\/2015 21:10:02","date":"h\u00e1 10 anos"},"chapeu":"Est\u00e1dio Municipal ","source":"m_destacada"},"_links":{"self":[{"href":"https:\/\/portalv1.com.br\/api\/wp\/v2\/posts\/22450","targetHints":{"allow":["GET"]}}],"collection":[{"href":"https:\/\/portalv1.com.br\/api\/wp\/v2\/posts"}],"about":[{"href":"https:\/\/portalv1.com.br\/api\/wp\/v2\/types\/post"}],"author":[{"embeddable":true,"href":"https:\/\/portalv1.com.br\/api\/wp\/v2\/users\/1"}],"replies":[{"embeddable":true,"href":"https:\/\/portalv1.com.br\/api\/wp\/v2\/comments?post=22450"}],"version-history":[{"count":0,"href":"https:\/\/portalv1.com.br\/api\/wp\/v2\/posts\/22450\/revisions"}],"wp:featuredmedia":[{"embeddable":true,"href":"https:\/\/portalv1.com.br\/api\/wp\/v2\/media\/22452"}],"wp:attachment":[{"href":"https:\/\/portalv1.com.br\/api\/wp\/v2\/media?parent=22450"}],"wp:term":[{"taxonomy":"category","embeddable":true,"href":"https:\/\/portalv1.com.br\/api\/wp\/v2\/categories?post=22450"},{"taxonomy":"post_tag","embeddable":true,"href":"https:\/\/portalv1.com.br\/api\/wp\/v2\/tags?post=22450"}],"curies":[{"name":"wp","href":"https:\/\/api.w.org\/{rel}","templated":true}]}}