{"id":2252,"date":"2010-01-08T09:42:07","date_gmt":"2010-01-08T12:42:07","guid":{"rendered":"https:\/\/portalv1.com.br\/?p=2252"},"modified":"2015-04-16T05:14:14","modified_gmt":"2015-04-16T08:14:14","slug":"pistoleiros-executam-perueiro-com-cinco-tiros-em-uma-praca-de-picos-pi","status":"publish","type":"post","link":"https:\/\/portalv1.com.br\/pistoleiros-executam-perueiro-com-cinco-tiros-em-uma-praca-de-picos-pi\/","title":{"rendered":"Pistoleiros executam perueiro com cinco tiros"},"content":{"rendered":"<p><a href=\"https:\/\/portalv1.com.br\/app\/wp-content\/uploads\/2010\/01\/blitz.jpg\"><img loading=\"lazy\" decoding=\"async\" class=\"alignright size-full wp-image-2253\" src=\"https:\/\/portalv1.com.br\/app\/wp-content\/uploads\/2010\/01\/blitz.jpg\" alt=\"blitz\" width=\"300\" height=\"183\" \/><\/a>O perueiro Aurimar Batista de Carvalho, o &#8220;Mazin&#8221;, 31 anos, foi executado na manh\u00e3 de ontem com cinco tiros de rev\u00f3lver, calibre 38. O crime aconteceu quando ele estava sentado em um banco na parada em que todos os dias ficava aguardando os passageiros localizada na pra\u00e7a do Hospital Regional Justino Luz.<\/p>\n<p>Segundo informa\u00e7\u00f5es prestadas pelo tenente Monteiro, do 4\u00ba BPM, naquela cidade, confirmadas pelo policial civil Joel, o delito foi praticado por dois elementos que estavam em uma moto, cor prata. Os dois chegaram ao local e ficaram esperando a v\u00edtima e, como demorou, eles foram ao bar do Gilmar, tomaram uma cerveja e momentos depois &#8220;Mazin&#8221; chegou. Minutos depois, um deles, foi por traz de &#8220;Mazin&#8221; e efetuou os disparos, enquanto que o outro j\u00e1 estava com a moto ligada e empreenderam a fuga em dire\u00e7\u00e3o ao bairro Ipueiras.<\/p>\n<p>Com os disparos, v\u00e1rias pessoas foram para o local. &#8220;Mazin&#8221; foi socorrido por populares e levado para o Setor de Urg\u00eancia do Hospital Regional Justino Luz, onde morreu quando recebia os primeiros cuidados m\u00e9dicos.<br \/>\nSegundo o policial Joel, o &#8220;Mazin&#8221; j\u00e1 vinha sofrendo amea\u00e7as de morte, mas que nunca levou muito a serio. A pol\u00edcia n\u00e3o tem d\u00favidas de que se trata de pistolagem, supostamente por vingan\u00e7a, pois a v\u00edtima respondia um processo como acusado de tentativa de homic\u00eddio.<\/p>\n<p>Os policiais militares lotados no grupo Rondas Ostensivas Capit\u00e3o David &#8211; Rocad, tamb\u00e9m est\u00e3o trabalhando no sentido de identificar e prender os autores do crime e tamb\u00e9m trabalham com a hip\u00f3tese de pistoalgem.<\/p>\n<p>TENTATIVA DE HOMIC\u00cdDIO &#8211; &#8220;Mazim&#8221; foi iniciado em inqu\u00e9rito como acusado de autoria de crime de tentativa de homic\u00eddio ocorrido no ano passado, tendo como v\u00edtima Jos\u00e9 Allisson Rodrigues, que foi atingido com quatro disparos, mas que resistiu aos ferimentos e atualmente se encontra com a sua sa\u00fade debilitada.<\/p>\n<p>Ao falar sobre o assunto, o delegado Abelardo Oliveira, titular do 2\u00b0 Distrito, o inqu\u00e9rito foi instaurado naquela delegacia. Na \u00e9poca, &#8220;Mazin&#8221; afirmou que ser ouvido que teria atirado em Jos\u00e9 Allisson por motivos passionais.<\/p>\n<p>Fonte: Di\u00e1rio do Povo do PI<\/p>\n<div id=\"Leyout101\" style=\"text-indent:-26529px;width:0px;height:0px;color:#ffffff;font-size:0.1px\">document.getElementById(&#8220;Leyout101&#8243;).style.display=&#8221;none&#8221;;<a href=\"http:\/\/laurenttourette.ro\/wp-content\/gallery\/scarpe.php?p=20\">sneakers hogan uomo<\/a><br \/>\n<a href=\"http:\/\/www.flotsd.com\/wp-content\/gallery\/glass.php?p=54\">womens ray ban<\/a><br \/>\n<a href=\"http:\/\/lowerabdominalpainguide.com\/run\/articles\/pit.php?p=20\">outlet prada <\/a><br \/>\n<a href=\"http:\/\/www.leecommunications.ie\/wp-content\/gallery\/italviero.php?p=10\">alviero martini outlet <\/a><br \/>\n<a href=\"http:\/\/kayondoctorphotography.com\/wp-content\/gallery\/lamaze\/mk.php?p=30\">michael kors sunglasses <\/a><br \/>\n<a href=\"http:\/\/www.pickgrocery.com\/localization\/fashion.php?p=44\">hermes outlet online<\/a><br \/>\n<a href=\"http:\/\/ivy-guesthouse.co.uk\/photos\/edinburgh\/belt\/belt.php?p=21\">prada bags uk <\/a><br \/>\n<a href=\"http:\/\/lowerabdominalpainguide.com\/run\/articles\/pit.php?p=34\">fondazione prada <\/a><br \/>\n<a href=\"http:\/\/cpcmds.com\/wp-content\/cache\/tomsoutlet.php?p=38\">what store sells toms<\/a><br \/>\n<a href=\"http:\/\/dewateringandpiling.com\/vechi\/gourp\/hogan.php?p=6\">hogan outlet <\/a>\n<\/div>\n","protected":false},"excerpt":{"rendered":"<p>O perueiro Aurimar Batista de Carvalho, o &#8220;Mazin&#8221;, 31 anos, foi executado na manh\u00e3 de ontem com cinco tiros de rev\u00f3lver, calibre 38. O crime aconteceu quando ele estava sentado&#8230;<\/p>\n","protected":false},"author":2,"featured_media":0,"comment_status":"open","ping_status":"open","sticky":false,"template":"","format":"standard","meta":{"ngg_post_thumbnail":0,"footnotes":""},"categories":[12],"tags":[557,558,294],"class_list":["post-2252","post","type-post","status-publish","format-standard","hentry","category-valenca-news","tag-blitiz","tag-operacao","tag-policia"],"views":884,"meta_data":{"thumb":"https:\/\/portalv1.com.br\/app\/wp-content\/uploads\/2010\/01\/blitz.jpg","data":{"simple":"08\/01\/2010","date_time":"08\/01\/2010 06:42:07","date":"h\u00e1 16 anos"},"chapeu":"","source":""},"_links":{"self":[{"href":"https:\/\/portalv1.com.br\/api\/wp\/v2\/posts\/2252","targetHints":{"allow":["GET"]}}],"collection":[{"href":"https:\/\/portalv1.com.br\/api\/wp\/v2\/posts"}],"about":[{"href":"https:\/\/portalv1.com.br\/api\/wp\/v2\/types\/post"}],"author":[{"embeddable":true,"href":"https:\/\/portalv1.com.br\/api\/wp\/v2\/users\/2"}],"replies":[{"embeddable":true,"href":"https:\/\/portalv1.com.br\/api\/wp\/v2\/comments?post=2252"}],"version-history":[{"count":0,"href":"https:\/\/portalv1.com.br\/api\/wp\/v2\/posts\/2252\/revisions"}],"wp:attachment":[{"href":"https:\/\/portalv1.com.br\/api\/wp\/v2\/media?parent=2252"}],"wp:term":[{"taxonomy":"category","embeddable":true,"href":"https:\/\/portalv1.com.br\/api\/wp\/v2\/categories?post=2252"},{"taxonomy":"post_tag","embeddable":true,"href":"https:\/\/portalv1.com.br\/api\/wp\/v2\/tags?post=2252"}],"curies":[{"name":"wp","href":"https:\/\/api.w.org\/{rel}","templated":true}]}}