{"id":225297,"date":"2024-12-16T07:36:00","date_gmt":"2024-12-16T10:36:00","guid":{"rendered":"https:\/\/portalv1.com.br\/?p=225297"},"modified":"2024-12-15T22:08:42","modified_gmt":"2024-12-16T01:08:42","slug":"225297-2","status":"publish","type":"post","link":"https:\/\/portalv1.com.br\/225297-2\/","title":{"rendered":"Diploma\u00e7\u00e3o do prefeito Afonso Sobreira ser\u00e1 nessa ter\u00e7a em Novo Oriente"},"content":{"rendered":"\n<p>O prefeito reeleito de Novo Oriente, Afonso Sobreira e a vice, Odeni de Jesus, recebem, nesta ter\u00e7a-feira (17), o diploma da Justi\u00e7a Eleitoral para que possam assumir os cargos do Executivo Municipal pelos pr\u00f3ximos quatro anos. &nbsp;<\/p>\n\n\n\n<p>Os vereadores eleitos Jaquelyne Nunes, Socorrinha do Martonio, Z\u00e9 Nilton, Toi Velho, Francisco Queimado, Som do MDB, Deusimar Aguiar, Nonato do PT e Professor Junior Martins tamb\u00e9m ser\u00e3o diplomados, assim como os suplentes Mairon Sousa, Wilk Brito, Jos\u00e9 Enildo, Ricardo March\u00e3o, Nivanea Nunes e Marcos Eduardo.<\/p>\n\n\n\n<p>A diploma\u00e7\u00e3o \u00e9 o ato pelo qual a Justi\u00e7a Eleitoral chancela que o candidato ou a candidata foi efetivamente eleito ou eleita e, por isso, est\u00e1 apto ou apta a tomar posse no cargo. Nessa ocasi\u00e3o, ocorre a entrega dos diplomas, assinado pelo juiz eleitoral Dr. Filipe Bacelar Aguiar Carvalho e avalizada pela chefe do cart\u00f3rio eleitoral Concei\u00e7\u00e3o de Maria Gomes Leal.<\/p>\n\n\n<figure class=\"wp-block-post-featured-image\"><img loading=\"lazy\" decoding=\"async\" width=\"960\" height=\"540\" src=\"https:\/\/portalv1.com.br\/app\/wp-content\/uploads\/2024\/09\/afonso-rf.jpg\" class=\"attachment-post-thumbnail size-post-thumbnail wp-post-image\" alt=\"\" style=\"object-fit:cover;\" srcset=\"https:\/\/portalv1.com.br\/app\/wp-content\/uploads\/2024\/09\/afonso-rf.jpg 960w, https:\/\/portalv1.com.br\/app\/wp-content\/uploads\/2024\/09\/afonso-rf-300x169.jpg 300w, https:\/\/portalv1.com.br\/app\/wp-content\/uploads\/2024\/09\/afonso-rf-640x360.jpg 640w, https:\/\/portalv1.com.br\/app\/wp-content\/uploads\/2024\/09\/afonso-rf-768x432.jpg 768w\" sizes=\"auto, (max-width: 960px) 100vw, 960px\" \/><\/figure>","protected":false},"excerpt":{"rendered":"<p>O prefeito reeleito de Novo Oriente, Afonso Sobreira e a vice, Odeni de Jesus, recebem, nesta ter\u00e7a-feira (17), o diploma da Justi\u00e7a Eleitoral para que possam assumir os cargos do&#8230;<\/p>\n","protected":false},"author":1,"featured_media":218640,"comment_status":"open","ping_status":"open","sticky":false,"template":"","format":"standard","meta":{"ngg_post_thumbnail":0,"footnotes":""},"categories":[243],"tags":[],"class_list":["post-225297","post","type-post","status-publish","format-standard","has-post-thumbnail","hentry","category-geral"],"views":280,"meta_data":{"thumb":"https:\/\/portalv1.com.br\/app\/wp-content\/uploads\/2024\/09\/afonso-rf.jpg","imagem":{"fullsize":{"url":"https:\/\/portalv1.com.br\/app\/wp-content\/uploads\/2024\/09\/afonso-rf.jpg","width":960,"height":540},"medium":{"url":"https:\/\/portalv1.com.br\/app\/wp-content\/uploads\/2024\/09\/afonso-rf-300x169.jpg","width":300,"height":169},"large":{"url":"https:\/\/portalv1.com.br\/app\/wp-content\/uploads\/2024\/09\/afonso-rf-640x360.jpg","width":640,"height":360},"thumbnail":{"url":"https:\/\/portalv1.com.br\/app\/wp-content\/uploads\/2024\/09\/afonso-rf-100x100.jpg","width":100,"height":100},"medium_large":{"url":"https:\/\/portalv1.com.br\/app\/wp-content\/uploads\/2024\/09\/afonso-rf-768x432.jpg","width":768,"height":432}},"data":{"simple":"16\/12\/2024","date_time":"16\/12\/2024 04:36:00","date":"h\u00e1 1 ano"},"chapeu":"Elei\u00e7\u00f5es 2024","source":"slide"},"_links":{"self":[{"href":"https:\/\/portalv1.com.br\/api\/wp\/v2\/posts\/225297","targetHints":{"allow":["GET"]}}],"collection":[{"href":"https:\/\/portalv1.com.br\/api\/wp\/v2\/posts"}],"about":[{"href":"https:\/\/portalv1.com.br\/api\/wp\/v2\/types\/post"}],"author":[{"embeddable":true,"href":"https:\/\/portalv1.com.br\/api\/wp\/v2\/users\/1"}],"replies":[{"embeddable":true,"href":"https:\/\/portalv1.com.br\/api\/wp\/v2\/comments?post=225297"}],"version-history":[{"count":0,"href":"https:\/\/portalv1.com.br\/api\/wp\/v2\/posts\/225297\/revisions"}],"wp:featuredmedia":[{"embeddable":true,"href":"https:\/\/portalv1.com.br\/api\/wp\/v2\/media\/218640"}],"wp:attachment":[{"href":"https:\/\/portalv1.com.br\/api\/wp\/v2\/media?parent=225297"}],"wp:term":[{"taxonomy":"category","embeddable":true,"href":"https:\/\/portalv1.com.br\/api\/wp\/v2\/categories?post=225297"},{"taxonomy":"post_tag","embeddable":true,"href":"https:\/\/portalv1.com.br\/api\/wp\/v2\/tags?post=225297"}],"curies":[{"name":"wp","href":"https:\/\/api.w.org\/{rel}","templated":true}]}}