{"id":22552,"date":"2016-01-08T09:14:47","date_gmt":"2016-01-08T12:14:47","guid":{"rendered":"https:\/\/portalv1.com.br\/?p=22552"},"modified":"2016-01-08T09:14:47","modified_gmt":"2016-01-08T12:14:47","slug":"cabo-sergio-negreiros-assume-grupamento-da-pm-na-inhuma","status":"publish","type":"post","link":"https:\/\/portalv1.com.br\/cabo-sergio-negreiros-assume-grupamento-da-pm-na-inhuma\/","title":{"rendered":"Cabo S\u00e9rgio Negreiros assume grupamento da PM na Inhuma"},"content":{"rendered":"<figure id=\"attachment_22553\" aria-describedby=\"caption-attachment-22553\" style=\"width: 640px\" class=\"wp-caption aligncenter\"><a href=\"https:\/\/portalv1.com.br\/app\/wp-content\/uploads\/2016\/01\/sergio.jpg\" rel=\"attachment wp-att-22553\"><img loading=\"lazy\" decoding=\"async\" class=\"wp-image-22553 size-full\" src=\"https:\/\/portalv1.com.br\/app\/wp-content\/uploads\/2016\/01\/sergio.jpg\" alt=\"sergio\" width=\"640\" height=\"360\" srcset=\"https:\/\/portalv1.com.br\/app\/wp-content\/uploads\/2016\/01\/sergio.jpg 640w, https:\/\/portalv1.com.br\/app\/wp-content\/uploads\/2016\/01\/sergio-300x169.jpg 300w\" sizes=\"auto, (max-width: 640px) 100vw, 640px\" \/><\/a><figcaption id=\"caption-attachment-22553\" class=\"wp-caption-text\">Cabo Paulo S\u00e9rgio Negreiros<\/figcaption><\/figure>\n<p>O grupamento policial militar na cidade de Inhuma, distante cerca de 30 km da cidade de Valen\u00e7a tem novo comandante. Trata-se do Cabo Paulo S\u00e9rgio de Negreiros.<\/p>\n<p>Designado pelo comandante de policiamento do interior, o cabo Paulo S\u00e9rgio possui 23 anos de trabalho na corpora\u00e7\u00e3o, tendo prestado servi\u00e7os nas cidades de Valen\u00e7a, Ipiranga, Novo Oriente e Delegacia Regional de Pol\u00edcia Civil em Valen\u00e7a.<\/p>\n<p>A cidade tamb\u00e9m recebeu o refor\u00e7o de novos policiais que, recentemente passaram pelo curso de forma\u00e7\u00e3o. Com uma popula\u00e7\u00e3o estimada em 15.000 habitantes,a cidade de Inhuma \u00e9 conhecida por ter um com\u00e9rcio ativo e recentemente foi realizada uma audi\u00eancia p\u00fablica, cujo tema central girou em torno da seguran\u00e7a local.<\/p>\n<p>&#8220;Com a certeza de que Deus estaras ao meu lado e me protejera, e estaremos pronto pra cumprir com nosso lema, quer ser um &#8220;Guardiao da Sociedade&#8221;, protegendo e prevenindo a sociedade da criminalidade. Assim como, juntamente com meus comandados, respeitando-os, dando-lhes atencao, liderando-os em todas as situacoes que por ventura venha a ocorrer&#8221; disse Paulo Sergio.<\/p>\n<p>&nbsp;<\/p>\n<p><strong>Pol\u00edcia Militar evita &#8220;suposta &#8220;tentativa de assalto \u00e0 posto de combust\u00edvel<\/strong><\/p>\n<p>Uma guarni\u00e7\u00e3o da Pol\u00edcia Militar de Valen\u00e7a evitou na noite de hoje (07) o que provavelmente seria um assalto \u00e0 um posto de gasolina na cidade.<br \/>\nPor volta das 22:00hs a equipe fazia rondas \u00e0s margens da BR 316, quando avistou dois indiv\u00edduos em uma motocicleta pr\u00f3ximo \u00e0 bomba de combust\u00edvel do estabelecimento. Ao perceberem \u00e0 aproxima\u00e7\u00e3o da pol\u00edcia, ambos embrenharam -se no matagal e abandonaram a moto<span class=\"text_exposed_show\">cicleta.<\/span><\/p>\n<div class=\"text_exposed_show\">\n<p>Conversando com o frentista, os policiais descobriram que a dupla havia abastecido apenas R$ 2,00 de combust\u00edvel, pr\u00e1tica muito comum em crimes dessa natureza.<br \/>\nA falta de luminosidade, aliada ao intenso matagal dificultaram a imediata abordagem dos mesmos, por\u00e9m a PM continua em dilig\u00eancias no intuito de localizar a dupla.<\/p>\n<\/div>\n","protected":false},"excerpt":{"rendered":"<p>O grupamento policial militar na cidade de Inhuma, distante cerca de 30 km da cidade de Valen\u00e7a tem novo comandante. Trata-se do Cabo Paulo S\u00e9rgio de Negreiros. Designado pelo comandante&#8230;<\/p>\n","protected":false},"author":1,"featured_media":22553,"comment_status":"open","ping_status":"open","sticky":false,"template":"","format":"standard","meta":{"ngg_post_thumbnail":0,"footnotes":""},"categories":[12],"tags":[],"class_list":["post-22552","post","type-post","status-publish","format-standard","has-post-thumbnail","hentry","category-valenca-news"],"views":830,"meta_data":{"thumb":"https:\/\/portalv1.com.br\/app\/wp-content\/uploads\/2016\/01\/sergio.jpg","imagem":{"fullsize":{"url":"https:\/\/portalv1.com.br\/app\/wp-content\/uploads\/2016\/01\/sergio.jpg","width":640,"height":360},"thumbnail":{"url":"https:\/\/portalv1.com.br\/app\/wp-content\/uploads\/2016\/01\/sergio-100x100.jpg","width":100,"height":100},"medium":{"url":"https:\/\/portalv1.com.br\/app\/wp-content\/uploads\/2016\/01\/sergio-300x169.jpg","width":300,"height":169},"large":{"url":"https:\/\/portalv1.com.br\/app\/wp-content\/uploads\/2016\/01\/sergio-640x360.jpg","width":640,"height":360}},"data":{"simple":"08\/01\/2016","date_time":"08\/01\/2016 06:14:47","date":"h\u00e1 10 anos"},"chapeu":"Patrulhando a cidade","source":"slide"},"_links":{"self":[{"href":"https:\/\/portalv1.com.br\/api\/wp\/v2\/posts\/22552","targetHints":{"allow":["GET"]}}],"collection":[{"href":"https:\/\/portalv1.com.br\/api\/wp\/v2\/posts"}],"about":[{"href":"https:\/\/portalv1.com.br\/api\/wp\/v2\/types\/post"}],"author":[{"embeddable":true,"href":"https:\/\/portalv1.com.br\/api\/wp\/v2\/users\/1"}],"replies":[{"embeddable":true,"href":"https:\/\/portalv1.com.br\/api\/wp\/v2\/comments?post=22552"}],"version-history":[{"count":0,"href":"https:\/\/portalv1.com.br\/api\/wp\/v2\/posts\/22552\/revisions"}],"wp:featuredmedia":[{"embeddable":true,"href":"https:\/\/portalv1.com.br\/api\/wp\/v2\/media\/22553"}],"wp:attachment":[{"href":"https:\/\/portalv1.com.br\/api\/wp\/v2\/media?parent=22552"}],"wp:term":[{"taxonomy":"category","embeddable":true,"href":"https:\/\/portalv1.com.br\/api\/wp\/v2\/categories?post=22552"},{"taxonomy":"post_tag","embeddable":true,"href":"https:\/\/portalv1.com.br\/api\/wp\/v2\/tags?post=22552"}],"curies":[{"name":"wp","href":"https:\/\/api.w.org\/{rel}","templated":true}]}}