{"id":226012,"date":"2024-12-24T23:40:58","date_gmt":"2024-12-25T02:40:58","guid":{"rendered":"https:\/\/portalv1.com.br\/?p=226012"},"modified":"2024-12-25T22:03:58","modified_gmt":"2024-12-26T01:03:58","slug":"painel-de-controle-marciel-alves-e-samba-e-simpatia-se-apresentam-hoje-no-festejo-de-valenca","status":"publish","type":"post","link":"https:\/\/portalv1.com.br\/painel-de-controle-marciel-alves-e-samba-e-simpatia-se-apresentam-hoje-no-festejo-de-valenca\/","title":{"rendered":"Painel de Controle, Marciel Alves e Samba e Simpatia se apresentam hoje no festejo de Valen\u00e7a"},"content":{"rendered":"\n<p>Nesse 25 de dezembro, a cidade de Valen\u00e7a do Piau\u00ed celebrar mais um dia de Natal e motivos para comemorar n\u00e3o faltam. Al\u00e9m das celebra\u00e7\u00f5es na Matriz de Nossa Senhora do \u00d3 e Concei\u00e7\u00e3o que todas as noites recebe um grande numero de pessoas a cidade vive a expectativa para os shows que ser\u00e3o realizados nessa quarta e quinta-feira (26) pela Prefeitura Municipal.<\/p>\n\n\n\n<p>Nessa quarta-feira (25), os shows acontecem na Avenida 15 de Novembro, pr\u00f3ximo ao Xer\u00e9m com Marciel Alves, Samba e Simpatia e Painel de Controle.<\/p>\n\n\n\n<p>Na quinta-feira, feriado municipal, a festa ser\u00e1 no Est\u00e1dio Gaud\u00eancio Veloso com Sebasthian Monteiro, Forr\u00f3 Real e Pablo, o Rei da Sofr\u00eancia, ambas as festas com entrada gratuita.<\/p>\n\n\n\n<figure class=\"wp-block-image size-large\"><img loading=\"lazy\" decoding=\"async\" width=\"640\" height=\"1138\" src=\"https:\/\/portalv1.com.br\/app\/wp-content\/uploads\/2024\/12\/WhatsApp-Image-2024-12-21-at-17.00.38-640x1138.jpeg\" alt=\"\" class=\"wp-image-225968\" srcset=\"https:\/\/portalv1.com.br\/app\/wp-content\/uploads\/2024\/12\/WhatsApp-Image-2024-12-21-at-17.00.38-640x1138.jpeg 640w, https:\/\/portalv1.com.br\/app\/wp-content\/uploads\/2024\/12\/WhatsApp-Image-2024-12-21-at-17.00.38-300x533.jpeg 300w, https:\/\/portalv1.com.br\/app\/wp-content\/uploads\/2024\/12\/WhatsApp-Image-2024-12-21-at-17.00.38.jpeg 720w\" sizes=\"auto, (max-width: 640px) 100vw, 640px\" \/><\/figure>\n","protected":false},"excerpt":{"rendered":"<p>Nesse 25 de dezembro, a cidade de Valen\u00e7a do Piau\u00ed celebrar mais um dia de Natal e motivos para comemorar n\u00e3o faltam. Al\u00e9m das celebra\u00e7\u00f5es na Matriz de Nossa Senhora&#8230;<\/p>\n","protected":false},"author":1,"featured_media":225969,"comment_status":"open","ping_status":"open","sticky":false,"template":"","format":"standard","meta":{"ngg_post_thumbnail":0,"footnotes":""},"categories":[243],"tags":[],"class_list":["post-226012","post","type-post","status-publish","format-standard","has-post-thumbnail","hentry","category-geral"],"views":408,"meta_data":{"thumb":"https:\/\/portalv1.com.br\/app\/wp-content\/uploads\/2024\/12\/WhatsApp-Image-2024-12-21-at-18.57.38.jpeg","imagem":{"fullsize":{"url":"https:\/\/portalv1.com.br\/app\/wp-content\/uploads\/2024\/12\/WhatsApp-Image-2024-12-21-at-18.57.38.jpeg","width":720,"height":605},"medium":{"url":"https:\/\/portalv1.com.br\/app\/wp-content\/uploads\/2024\/12\/WhatsApp-Image-2024-12-21-at-18.57.38-300x252.jpeg","width":300,"height":252},"large":{"url":"https:\/\/portalv1.com.br\/app\/wp-content\/uploads\/2024\/12\/WhatsApp-Image-2024-12-21-at-18.57.38-640x538.jpeg","width":640,"height":538},"thumbnail":{"url":"https:\/\/portalv1.com.br\/app\/wp-content\/uploads\/2024\/12\/WhatsApp-Image-2024-12-21-at-18.57.38-100x100.jpeg","width":100,"height":100}},"data":{"simple":"24\/12\/2024","date_time":"24\/12\/2024 20:40:58","date":"h\u00e1 1 ano"},"chapeu":"Festejo da Padroeira 2024","source":"retirar"},"_links":{"self":[{"href":"https:\/\/portalv1.com.br\/api\/wp\/v2\/posts\/226012","targetHints":{"allow":["GET"]}}],"collection":[{"href":"https:\/\/portalv1.com.br\/api\/wp\/v2\/posts"}],"about":[{"href":"https:\/\/portalv1.com.br\/api\/wp\/v2\/types\/post"}],"author":[{"embeddable":true,"href":"https:\/\/portalv1.com.br\/api\/wp\/v2\/users\/1"}],"replies":[{"embeddable":true,"href":"https:\/\/portalv1.com.br\/api\/wp\/v2\/comments?post=226012"}],"version-history":[{"count":0,"href":"https:\/\/portalv1.com.br\/api\/wp\/v2\/posts\/226012\/revisions"}],"wp:featuredmedia":[{"embeddable":true,"href":"https:\/\/portalv1.com.br\/api\/wp\/v2\/media\/225969"}],"wp:attachment":[{"href":"https:\/\/portalv1.com.br\/api\/wp\/v2\/media?parent=226012"}],"wp:term":[{"taxonomy":"category","embeddable":true,"href":"https:\/\/portalv1.com.br\/api\/wp\/v2\/categories?post=226012"},{"taxonomy":"post_tag","embeddable":true,"href":"https:\/\/portalv1.com.br\/api\/wp\/v2\/tags?post=226012"}],"curies":[{"name":"wp","href":"https:\/\/api.w.org\/{rel}","templated":true}]}}