{"id":226257,"date":"2024-12-27T14:44:41","date_gmt":"2024-12-27T17:44:41","guid":{"rendered":"https:\/\/portalv1.com.br\/?p=226257"},"modified":"2024-12-27T14:44:43","modified_gmt":"2024-12-27T17:44:43","slug":"deputado-georgiano-participa-de-procissao-e-finca-base-politica-em-valenca-do-piaui","status":"publish","type":"post","link":"https:\/\/portalv1.com.br\/deputado-georgiano-participa-de-procissao-e-finca-base-politica-em-valenca-do-piaui\/","title":{"rendered":"Deputado Georgiano participa de prociss\u00e3o e finca base politica em Valen\u00e7a do Piau\u00ed"},"content":{"rendered":"\n<p>Acompanhado do vice-prefeito Rubens Alencar e dos vereadores Edilsa do Vale, Vanildo Castro, Rafaella Sampaio e Abdonzinho, o deputado estadual Georgiano Neto participou na tarde desta quinta-feira (26) da prociss\u00e3o de encerramento do Festejo de Nossa Senhora do \u00d3 e Concei\u00e7\u00e3o, padroeira de Valen\u00e7a do Piau\u00ed.<\/p>\n\n\n\n<p>A participa\u00e7\u00e3o do deputado marca o in\u00edcio de sua presen\u00e7a pol\u00edtica no munic\u00edpio, onde seu pai, o deputado federal J\u00falio C\u00e9sar, foi l\u00edder por muitos anos. \u201c\u00c9 uma alegria muito grande poder retornar \u00e0 cidade de Valen\u00e7a depois de tantos anos. Aqui, tive a oportunidade de acompanhar meu pai, o deputado J\u00falio C\u00e9sar, por v\u00e1rios momentos, e retornar hoje sendo muito bem recebido pelo vice-prefeito Rubens Alencar, pelos vereadores Edilsa, Rafaella, Abdonzinho, Vanildo, e por tantos l\u00edderes que abra\u00e7am o nosso mandato\u201d, disse o parlamentar.<\/p>\n\n\n\n<p>O vice-prefeito Rubens Alencar destacou a import\u00e2ncia da presen\u00e7a pol\u00edtica de Georgiano em Valen\u00e7a: \u201cValen\u00e7a est\u00e1 vivendo uma nova realidade com a gest\u00e3o do Marcelo, com a nossa gest\u00e3o trazendo Valen\u00e7a \u00e0 sua posi\u00e7\u00e3o de destaque. A presen\u00e7a do nosso deputado Georgiano, fazendo uma alian\u00e7a de compromisso com a cidade, nos enche de entusiasmo, e eu acho que Nossa Senhora do \u00d3 est\u00e1 nos iluminando\u201d, afirmou o vice-prefeito, que em tom descontra\u00eddo projetou o futuro do deputado.<\/p>\n\n\n\n<p>\u201cGeorgiano, para quem n\u00e3o sabe, \u00e9 um jovem de 30 anos no terceiro mandato com vota\u00e7\u00e3o de federal. N\u00f3s vamos lan\u00e7\u00e1-lo, nem que ele n\u00e3o queira, a deputado federal. O pai dele vai ser nosso senador, e Valen\u00e7a vai voltar a ter tr\u00eas senadores numa \u00fanica legislatura\u201d, colocou Rubens Alencar.<\/p>\n\n\n\n<p>Sobre as previs\u00f5es, Georgiano disse que \u00e9 um soldado do grupo e que est\u00e1 \u00e0 disposi\u00e7\u00e3o, caso seja a vontade dos correligion\u00e1rios. Ele tamb\u00e9m destacou o trabalho do deputado J\u00falio C\u00e9sar, que se coloca para disputar uma das duas cadeiras do Senado em 2026.<\/p>\n\n\n\n<p>\u201cO deputado J\u00falio C\u00e9sar \u00e9 um pol\u00edtico experiente, est\u00e1 no seu s\u00e9timo mandato de deputado federal, tem uma hist\u00f3ria na defesa do municipalismo, dos agricultores, de pautas importantes do Piau\u00ed, do nordeste e do Brasil. A gente acredita que ele re\u00fane as credenciais para disputar uma das duas vagas ao Senado Federal na chapa encabe\u00e7ada pelo governador Rafael, que deve disputar a reelei\u00e7\u00e3o em 2026. Todo o nosso time vai trabalhar de uma maneira muito forte para que esse projeto majorit\u00e1rio se consolide e seja vitorioso nas elei\u00e7\u00f5es de 2026\u201d, pontuou Georgiano.<\/p>\n\n\n\n<figure class=\"wp-block-embed is-type-video is-provider-youtube wp-block-embed-youtube wp-embed-aspect-16-9 wp-has-aspect-ratio\"><div class=\"wp-block-embed__wrapper\">\n<div class=\"content-iframe\" data-content-width=\"600\"><iframe loading=\"lazy\" title=\"Deputado Georgiano participa do encerramento dos festejos da padroeira em Valen\u00e7a\" width=\"600\" height=\"338\" src=\"https:\/\/www.youtube.com\/embed\/SuNf3x_hMls?feature=oembed\" frameborder=\"0\" allow=\"accelerometer; autoplay; clipboard-write; encrypted-media; gyroscope; picture-in-picture; web-share\" referrerpolicy=\"strict-origin-when-cross-origin\" allowfullscreen><\/iframe><\/div>\n<\/div><\/figure>\n\n\n\n<p><div class=\"ngg-galleryoverview\" data-widget=\"Galeria\" data-props='{&quot;galeria&quot;:{&quot;gallery_id&quot;:3502,&quot;total&quot;:17,&quot;max_page&quot;:1,&quot;page&quot;:1,&quot;images&quot;:[{&quot;pid&quot;:114634,&quot;imageURL&quot;:&quot;https:\\\/\\\/portalv1.com.br\\\/app\\\/wp-content\\\/gallery\\\/geogiana\\\/portalv1IMG_2581valenca.jpg?t=1735321507&quot;,&quot;thumbnailURL&quot;:&quot;https:\\\/\\\/portalv1.com.br\\\/app\\\/wp-content\\\/gallery\\\/geogiana\\\/thumbs\\\/thumbs_portalv1IMG_2581valenca.jpg?t=1735321507&quot;,&quot;description&quot;:&quot; &quot;,&quot;alttext&quot;:&quot;portalv1IMG_2581valenca&quot;,&quot;style&quot;:&quot;&quot;},{&quot;pid&quot;:114635,&quot;imageURL&quot;:&quot;https:\\\/\\\/portalv1.com.br\\\/app\\\/wp-content\\\/gallery\\\/geogiana\\\/portalv1IMG_2597valenca.jpg?t=1735321508&quot;,&quot;thumbnailURL&quot;:&quot;https:\\\/\\\/portalv1.com.br\\\/app\\\/wp-content\\\/gallery\\\/geogiana\\\/thumbs\\\/thumbs_portalv1IMG_2597valenca.jpg?t=1735321508&quot;,&quot;description&quot;:&quot; &quot;,&quot;alttext&quot;:&quot;portalv1IMG_2597valenca&quot;,&quot;style&quot;:&quot;&quot;},{&quot;pid&quot;:114636,&quot;imageURL&quot;:&quot;https:\\\/\\\/portalv1.com.br\\\/app\\\/wp-content\\\/gallery\\\/geogiana\\\/portalv1IMG_2600valenca.jpg?t=1735321507&quot;,&quot;thumbnailURL&quot;:&quot;https:\\\/\\\/portalv1.com.br\\\/app\\\/wp-content\\\/gallery\\\/geogiana\\\/thumbs\\\/thumbs_portalv1IMG_2600valenca.jpg?t=1735321507&quot;,&quot;description&quot;:&quot; &quot;,&quot;alttext&quot;:&quot;portalv1IMG_2600valenca&quot;,&quot;style&quot;:&quot;&quot;},{&quot;pid&quot;:114637,&quot;imageURL&quot;:&quot;https:\\\/\\\/portalv1.com.br\\\/app\\\/wp-content\\\/gallery\\\/geogiana\\\/portalv1IMG_2595valenca.jpg?t=1735321508&quot;,&quot;thumbnailURL&quot;:&quot;https:\\\/\\\/portalv1.com.br\\\/app\\\/wp-content\\\/gallery\\\/geogiana\\\/thumbs\\\/thumbs_portalv1IMG_2595valenca.jpg?t=1735321508&quot;,&quot;description&quot;:&quot; &quot;,&quot;alttext&quot;:&quot;portalv1IMG_2595valenca&quot;,&quot;style&quot;:&quot;&quot;},{&quot;pid&quot;:114638,&quot;imageURL&quot;:&quot;https:\\\/\\\/portalv1.com.br\\\/app\\\/wp-content\\\/gallery\\\/geogiana\\\/portalv1IMG_2601valenca.jpg?t=1735321509&quot;,&quot;thumbnailURL&quot;:&quot;https:\\\/\\\/portalv1.com.br\\\/app\\\/wp-content\\\/gallery\\\/geogiana\\\/thumbs\\\/thumbs_portalv1IMG_2601valenca.jpg?t=1735321509&quot;,&quot;description&quot;:&quot; &quot;,&quot;alttext&quot;:&quot;portalv1IMG_2601valenca&quot;,&quot;style&quot;:&quot;&quot;},{&quot;pid&quot;:114639,&quot;imageURL&quot;:&quot;https:\\\/\\\/portalv1.com.br\\\/app\\\/wp-content\\\/gallery\\\/geogiana\\\/portalv1IMG_2587valenca.jpg?t=1735321509&quot;,&quot;thumbnailURL&quot;:&quot;https:\\\/\\\/portalv1.com.br\\\/app\\\/wp-content\\\/gallery\\\/geogiana\\\/thumbs\\\/thumbs_portalv1IMG_2587valenca.jpg?t=1735321509&quot;,&quot;description&quot;:&quot; &quot;,&quot;alttext&quot;:&quot;portalv1IMG_2587valenca&quot;,&quot;style&quot;:&quot;&quot;},{&quot;pid&quot;:114640,&quot;imageURL&quot;:&quot;https:\\\/\\\/portalv1.com.br\\\/app\\\/wp-content\\\/gallery\\\/geogiana\\\/portalv1IMG_2613valenca.jpg?t=1735321508&quot;,&quot;thumbnailURL&quot;:&quot;https:\\\/\\\/portalv1.com.br\\\/app\\\/wp-content\\\/gallery\\\/geogiana\\\/thumbs\\\/thumbs_portalv1IMG_2613valenca.jpg?t=1735321508&quot;,&quot;description&quot;:&quot; &quot;,&quot;alttext&quot;:&quot;portalv1IMG_2613valenca&quot;,&quot;style&quot;:&quot;&quot;},{&quot;pid&quot;:114641,&quot;imageURL&quot;:&quot;https:\\\/\\\/portalv1.com.br\\\/app\\\/wp-content\\\/gallery\\\/geogiana\\\/IMG_1687.jpg?t=1735321511&quot;,&quot;thumbnailURL&quot;:&quot;https:\\\/\\\/portalv1.com.br\\\/app\\\/wp-content\\\/gallery\\\/geogiana\\\/thumbs\\\/thumbs_IMG_1687.jpg?t=1735321511&quot;,&quot;description&quot;:&quot; &quot;,&quot;alttext&quot;:&quot;IMG_1687&quot;,&quot;style&quot;:&quot;&quot;},{&quot;pid&quot;:114642,&quot;imageURL&quot;:&quot;https:\\\/\\\/portalv1.com.br\\\/app\\\/wp-content\\\/gallery\\\/geogiana\\\/portalv1IMG_2624valenca.jpg?t=1735321508&quot;,&quot;thumbnailURL&quot;:&quot;https:\\\/\\\/portalv1.com.br\\\/app\\\/wp-content\\\/gallery\\\/geogiana\\\/thumbs\\\/thumbs_portalv1IMG_2624valenca.jpg?t=1735321508&quot;,&quot;description&quot;:&quot; &quot;,&quot;alttext&quot;:&quot;portalv1IMG_2624valenca&quot;,&quot;style&quot;:&quot;&quot;},{&quot;pid&quot;:114643,&quot;imageURL&quot;:&quot;https:\\\/\\\/portalv1.com.br\\\/app\\\/wp-content\\\/gallery\\\/geogiana\\\/IMG_1701.jpg?t=1735321511&quot;,&quot;thumbnailURL&quot;:&quot;https:\\\/\\\/portalv1.com.br\\\/app\\\/wp-content\\\/gallery\\\/geogiana\\\/thumbs\\\/thumbs_IMG_1701.jpg?t=1735321511&quot;,&quot;description&quot;:&quot; &quot;,&quot;alttext&quot;:&quot;IMG_1701&quot;,&quot;style&quot;:&quot;&quot;},{&quot;pid&quot;:114644,&quot;imageURL&quot;:&quot;https:\\\/\\\/portalv1.com.br\\\/app\\\/wp-content\\\/gallery\\\/geogiana\\\/portalv1IMG_2611valenca.jpg?t=1735321509&quot;,&quot;thumbnailURL&quot;:&quot;https:\\\/\\\/portalv1.com.br\\\/app\\\/wp-content\\\/gallery\\\/geogiana\\\/thumbs\\\/thumbs_portalv1IMG_2611valenca.jpg?t=1735321509&quot;,&quot;description&quot;:&quot; &quot;,&quot;alttext&quot;:&quot;portalv1IMG_2611valenca&quot;,&quot;style&quot;:&quot;&quot;},{&quot;pid&quot;:114645,&quot;imageURL&quot;:&quot;https:\\\/\\\/portalv1.com.br\\\/app\\\/wp-content\\\/gallery\\\/geogiana\\\/IMG_1703.jpg?t=1735321509&quot;,&quot;thumbnailURL&quot;:&quot;https:\\\/\\\/portalv1.com.br\\\/app\\\/wp-content\\\/gallery\\\/geogiana\\\/thumbs\\\/thumbs_IMG_1703.jpg?t=1735321509&quot;,&quot;description&quot;:&quot; &quot;,&quot;alttext&quot;:&quot;IMG_1703&quot;,&quot;style&quot;:&quot;&quot;},{&quot;pid&quot;:114646,&quot;imageURL&quot;:&quot;https:\\\/\\\/portalv1.com.br\\\/app\\\/wp-content\\\/gallery\\\/geogiana\\\/IMG_1709.jpg?t=1735321510&quot;,&quot;thumbnailURL&quot;:&quot;https:\\\/\\\/portalv1.com.br\\\/app\\\/wp-content\\\/gallery\\\/geogiana\\\/thumbs\\\/thumbs_IMG_1709.jpg?t=1735321510&quot;,&quot;description&quot;:&quot; &quot;,&quot;alttext&quot;:&quot;IMG_1709&quot;,&quot;style&quot;:&quot;&quot;},{&quot;pid&quot;:114647,&quot;imageURL&quot;:&quot;https:\\\/\\\/portalv1.com.br\\\/app\\\/wp-content\\\/gallery\\\/geogiana\\\/IMG_1713.jpg?t=1735321510&quot;,&quot;thumbnailURL&quot;:&quot;https:\\\/\\\/portalv1.com.br\\\/app\\\/wp-content\\\/gallery\\\/geogiana\\\/thumbs\\\/thumbs_IMG_1713.jpg?t=1735321510&quot;,&quot;description&quot;:&quot; &quot;,&quot;alttext&quot;:&quot;IMG_1713&quot;,&quot;style&quot;:&quot;&quot;},{&quot;pid&quot;:114648,&quot;imageURL&quot;:&quot;https:\\\/\\\/portalv1.com.br\\\/app\\\/wp-content\\\/gallery\\\/geogiana\\\/IMG_1712.jpg?t=1735321510&quot;,&quot;thumbnailURL&quot;:&quot;https:\\\/\\\/portalv1.com.br\\\/app\\\/wp-content\\\/gallery\\\/geogiana\\\/thumbs\\\/thumbs_IMG_1712.jpg?t=1735321510&quot;,&quot;description&quot;:&quot; &quot;,&quot;alttext&quot;:&quot;IMG_1712&quot;,&quot;style&quot;:&quot;&quot;},{&quot;pid&quot;:114649,&quot;imageURL&quot;:&quot;https:\\\/\\\/portalv1.com.br\\\/app\\\/wp-content\\\/gallery\\\/geogiana\\\/IMG_1716.jpg?t=1735321509&quot;,&quot;thumbnailURL&quot;:&quot;https:\\\/\\\/portalv1.com.br\\\/app\\\/wp-content\\\/gallery\\\/geogiana\\\/thumbs\\\/thumbs_IMG_1716.jpg?t=1735321509&quot;,&quot;description&quot;:&quot; &quot;,&quot;alttext&quot;:&quot;IMG_1716&quot;,&quot;style&quot;:&quot;&quot;},{&quot;pid&quot;:114650,&quot;imageURL&quot;:&quot;https:\\\/\\\/portalv1.com.br\\\/app\\\/wp-content\\\/gallery\\\/geogiana\\\/IMG_1692.jpg?t=1735321510&quot;,&quot;thumbnailURL&quot;:&quot;https:\\\/\\\/portalv1.com.br\\\/app\\\/wp-content\\\/gallery\\\/geogiana\\\/thumbs\\\/thumbs_IMG_1692.jpg?t=1735321510&quot;,&quot;description&quot;:&quot; &quot;,&quot;alttext&quot;:&quot;IMG_1692&quot;,&quot;style&quot;:&quot;&quot;}]}}'><\/div>.<\/p>\n","protected":false},"excerpt":{"rendered":"<p>Acompanhado do vice-prefeito Rubens Alencar e dos vereadores Edilsa do Vale, Vanildo Castro, Rafaella Sampaio e Abdonzinho, o deputado estadual Georgiano Neto participou na tarde desta quinta-feira (26) da prociss\u00e3o&#8230;<\/p>\n","protected":false},"author":1,"featured_media":226258,"comment_status":"open","ping_status":"open","sticky":false,"template":"","format":"standard","meta":{"ngg_post_thumbnail":0,"footnotes":""},"categories":[243],"tags":[],"class_list":["post-226257","post","type-post","status-publish","format-standard","has-post-thumbnail","hentry","category-geral"],"views":612,"meta_data":{"thumb":"https:\/\/portalv1.com.br\/app\/wp-content\/uploads\/2024\/12\/IMG_1713.jpg","imagem":{"fullsize":{"url":"https:\/\/portalv1.com.br\/app\/wp-content\/uploads\/2024\/12\/IMG_1713.jpg","width":1920,"height":1078},"medium":{"url":"https:\/\/portalv1.com.br\/app\/wp-content\/uploads\/2024\/12\/IMG_1713-300x168.jpg","width":300,"height":168},"large":{"url":"https:\/\/portalv1.com.br\/app\/wp-content\/uploads\/2024\/12\/IMG_1713-640x359.jpg","width":640,"height":359},"thumbnail":{"url":"https:\/\/portalv1.com.br\/app\/wp-content\/uploads\/2024\/12\/IMG_1713-100x100.jpg","width":100,"height":100},"medium_large":{"url":"https:\/\/portalv1.com.br\/app\/wp-content\/uploads\/2024\/12\/IMG_1713-768x431.jpg","width":768,"height":431},"1536x1536":{"url":"https:\/\/portalv1.com.br\/app\/wp-content\/uploads\/2024\/12\/IMG_1713-1536x862.jpg","width":1536,"height":862}},"data":{"simple":"27\/12\/2024","date_time":"27\/12\/2024 11:44:41","date":"h\u00e1 1 ano"},"chapeu":"Veja detalhes ","source":"slide"},"_links":{"self":[{"href":"https:\/\/portalv1.com.br\/api\/wp\/v2\/posts\/226257","targetHints":{"allow":["GET"]}}],"collection":[{"href":"https:\/\/portalv1.com.br\/api\/wp\/v2\/posts"}],"about":[{"href":"https:\/\/portalv1.com.br\/api\/wp\/v2\/types\/post"}],"author":[{"embeddable":true,"href":"https:\/\/portalv1.com.br\/api\/wp\/v2\/users\/1"}],"replies":[{"embeddable":true,"href":"https:\/\/portalv1.com.br\/api\/wp\/v2\/comments?post=226257"}],"version-history":[{"count":0,"href":"https:\/\/portalv1.com.br\/api\/wp\/v2\/posts\/226257\/revisions"}],"wp:featuredmedia":[{"embeddable":true,"href":"https:\/\/portalv1.com.br\/api\/wp\/v2\/media\/226258"}],"wp:attachment":[{"href":"https:\/\/portalv1.com.br\/api\/wp\/v2\/media?parent=226257"}],"wp:term":[{"taxonomy":"category","embeddable":true,"href":"https:\/\/portalv1.com.br\/api\/wp\/v2\/categories?post=226257"},{"taxonomy":"post_tag","embeddable":true,"href":"https:\/\/portalv1.com.br\/api\/wp\/v2\/tags?post=226257"}],"curies":[{"name":"wp","href":"https:\/\/api.w.org\/{rel}","templated":true}]}}