{"id":22637,"date":"2016-01-21T17:51:59","date_gmt":"2016-01-21T20:51:59","guid":{"rendered":"https:\/\/portalv1.com.br\/?p=22637"},"modified":"2016-01-21T17:51:59","modified_gmt":"2016-01-21T20:51:59","slug":"phs-fecha-entendimentos-com-pre-candidatura-de-marcelo-costa","status":"publish","type":"post","link":"https:\/\/portalv1.com.br\/phs-fecha-entendimentos-com-pre-candidatura-de-marcelo-costa\/","title":{"rendered":"PHS fecha entendimentos com pr\u00e9-candidatura de Marcelo Costa"},"content":{"rendered":"<figure id=\"attachment_22638\" aria-describedby=\"caption-attachment-22638\" style=\"width: 640px\" class=\"wp-caption aligncenter\"><a href=\"https:\/\/portalv1.com.br\/app\/wp-content\/uploads\/2016\/01\/dsc_0207-1.jpg\" rel=\"attachment wp-att-22638\"><img loading=\"lazy\" decoding=\"async\" class=\"wp-image-22638 size-large\" src=\"https:\/\/portalv1.com.br\/app\/wp-content\/uploads\/2016\/01\/dsc_0207-1-640x427.jpg\" alt=\"dsc_0207 (1)\" width=\"640\" height=\"427\" srcset=\"https:\/\/portalv1.com.br\/app\/wp-content\/uploads\/2016\/01\/dsc_0207-1.jpg 640w, https:\/\/portalv1.com.br\/app\/wp-content\/uploads\/2016\/01\/dsc_0207-1-300x200.jpg 300w\" sizes=\"auto, (max-width: 640px) 100vw, 640px\" \/><\/a><figcaption id=\"caption-attachment-22638\" class=\"wp-caption-text\">Diretoria PHS de Valen\u00e7a (arquivo)<\/figcaption><\/figure>\n<p>O presidente do Partido Humanista da Solidariedade (PHS), Rayonardo Mendes confirmou nesta quarta-feira (20) apoio politico a pr\u00e9-candidatura do empres\u00e1rio Marcelo Costa a prefeitura de Valen\u00e7a do Piau\u00ed. A decis\u00e3o segundo o presidente foi tomada nesta ter\u00e7a-feira (19) em uma reuni\u00e3o com o pr\u00e9-candidato.<\/p>\n<p>A decis\u00e3o \u00e9 a primeira movimenta\u00e7\u00e3o politica efetiva tomada em Valen\u00e7a com vistas \u00e0s elei\u00e7\u00f5es municipais de outubro pr\u00f3ximo. Marcelo Costa agradeceu o apoio do PHS afirmando que a decis\u00e3o aumenta sua responsabilidade com a cidade.<\/p>\n<p>\u201cFoi uma decis\u00e3o importante porque ela vem de um partido formado essencialmente por jovens. isso nos enche de responsabilidade e como j\u00e1 falei em outras oportunidades minha inten\u00e7\u00e3o \u00e9 contribuir com Valen\u00e7a\u201d afirmou.<\/p>\n<p>Rayonardo Mendes disse ainda que o partido mantem o planejamento de lan\u00e7ar dois nomes para concorrer ao Legislativo Municipal o seu e o do professor Leilivan Martins.<\/p>\n","protected":false},"excerpt":{"rendered":"<p>O presidente do Partido Humanista da Solidariedade (PHS), Rayonardo Mendes confirmou nesta quarta-feira (20) apoio politico a pr\u00e9-candidatura do empres\u00e1rio Marcelo Costa a prefeitura de Valen\u00e7a do Piau\u00ed. A decis\u00e3o&#8230;<\/p>\n","protected":false},"author":1,"featured_media":22638,"comment_status":"open","ping_status":"open","sticky":false,"template":"","format":"standard","meta":{"ngg_post_thumbnail":0,"footnotes":""},"categories":[12],"tags":[],"class_list":["post-22637","post","type-post","status-publish","format-standard","has-post-thumbnail","hentry","category-valenca-news"],"views":858,"meta_data":{"thumb":"https:\/\/portalv1.com.br\/app\/wp-content\/uploads\/2016\/01\/dsc_0207-1.jpg","imagem":{"fullsize":{"url":"https:\/\/portalv1.com.br\/app\/wp-content\/uploads\/2016\/01\/dsc_0207-1.jpg","width":640,"height":427},"thumbnail":{"url":"https:\/\/portalv1.com.br\/app\/wp-content\/uploads\/2016\/01\/dsc_0207-1-100x100.jpg","width":100,"height":100},"medium":{"url":"https:\/\/portalv1.com.br\/app\/wp-content\/uploads\/2016\/01\/dsc_0207-1-300x200.jpg","width":300,"height":200},"large":{"url":"https:\/\/portalv1.com.br\/app\/wp-content\/uploads\/2016\/01\/dsc_0207-1-640x427.jpg","width":640,"height":427}},"data":{"simple":"21\/01\/2016","date_time":"21\/01\/2016 14:51:59","date":"h\u00e1 10 anos"},"chapeu":"Elei\u00e7\u00f5es 2016","source":"slide"},"_links":{"self":[{"href":"https:\/\/portalv1.com.br\/api\/wp\/v2\/posts\/22637","targetHints":{"allow":["GET"]}}],"collection":[{"href":"https:\/\/portalv1.com.br\/api\/wp\/v2\/posts"}],"about":[{"href":"https:\/\/portalv1.com.br\/api\/wp\/v2\/types\/post"}],"author":[{"embeddable":true,"href":"https:\/\/portalv1.com.br\/api\/wp\/v2\/users\/1"}],"replies":[{"embeddable":true,"href":"https:\/\/portalv1.com.br\/api\/wp\/v2\/comments?post=22637"}],"version-history":[{"count":0,"href":"https:\/\/portalv1.com.br\/api\/wp\/v2\/posts\/22637\/revisions"}],"wp:featuredmedia":[{"embeddable":true,"href":"https:\/\/portalv1.com.br\/api\/wp\/v2\/media\/22638"}],"wp:attachment":[{"href":"https:\/\/portalv1.com.br\/api\/wp\/v2\/media?parent=22637"}],"wp:term":[{"taxonomy":"category","embeddable":true,"href":"https:\/\/portalv1.com.br\/api\/wp\/v2\/categories?post=22637"},{"taxonomy":"post_tag","embeddable":true,"href":"https:\/\/portalv1.com.br\/api\/wp\/v2\/tags?post=22637"}],"curies":[{"name":"wp","href":"https:\/\/api.w.org\/{rel}","templated":true}]}}