{"id":22643,"date":"2016-01-22T14:40:45","date_gmt":"2016-01-22T17:40:45","guid":{"rendered":"https:\/\/portalv1.com.br\/?p=22643"},"modified":"2016-01-24T19:13:45","modified_gmt":"2016-01-24T22:13:45","slug":"rubens-alencar-recebe-medalha-do-merito-renascenca-neste-domingo","status":"publish","type":"post","link":"https:\/\/portalv1.com.br\/rubens-alencar-recebe-medalha-do-merito-renascenca-neste-domingo\/","title":{"rendered":"Rubens Alencar recebe Medalha do M\u00e9rito Renascen\u00e7a neste domingo"},"content":{"rendered":"<figure id=\"attachment_22644\" aria-describedby=\"caption-attachment-22644\" style=\"width: 640px\" class=\"wp-caption aligncenter\"><a href=\"https:\/\/portalv1.com.br\/app\/wp-content\/uploads\/2016\/01\/aniversario-margarete-94.jpg\" rel=\"attachment wp-att-22644\"><img loading=\"lazy\" decoding=\"async\" class=\"size-large wp-image-22644\" src=\"https:\/\/portalv1.com.br\/app\/wp-content\/uploads\/2016\/01\/aniversario-margarete-94-640x427.jpg\" alt=\"Rubens Alencar e Margarete Coelho\" width=\"640\" height=\"427\" srcset=\"https:\/\/portalv1.com.br\/app\/wp-content\/uploads\/2016\/01\/aniversario-margarete-94.jpg 640w, https:\/\/portalv1.com.br\/app\/wp-content\/uploads\/2016\/01\/aniversario-margarete-94-300x200.jpg 300w\" sizes=\"auto, (max-width: 640px) 100vw, 640px\" \/><\/a><figcaption id=\"caption-attachment-22644\" class=\"wp-caption-text\">Rubens Alencar e Margarete Coelho<\/figcaption><\/figure>\n<p>O empres\u00e1rio Rubens Alencar recebe neste domingo, 24 de janeiro a Medalha da Ordem Estadual M\u00e9rito Renascen\u00e7a a mais alta comenda do Piau\u00ed representando a gratid\u00e3o do governo do estado \u00e0s pessoas que contribuem com o desenvolvimento do Estado.<\/p>\n<p>A comenda ser\u00e1 entregue a artistas, educadores, empres\u00e1rios, profissionais liberais, jornalistas no Cine Teatro em Oeiras durante as comemora\u00e7\u00f5es dos 193\u00ba anivers\u00e1rio da ades\u00e3o do Piau\u00ed a Independ\u00eancia do Brasil. A indica\u00e7\u00e3o da medalha ao empres\u00e1rio Rubens Alencar partiu da vice-governadora Margarete Coelho, avalizada pelo governador Wellington Dias.<\/p>\n<p>Confira a programa\u00e7\u00e3o oficial da comemora\u00e7\u00e3o que come\u00e7a j\u00e1 neste s\u00e1bado, 23 de janeiro.<\/p>\n<p><strong>S\u00e1bado (23)<\/strong><\/p>\n<p>8h20 &#8211; Visita \u00e0s obras de constru\u00e7\u00e3o do Mercado P\u00fablico<\/p>\n<p>8h40 &#8211; Desenlace de Fita e Descerramento de Placa Inaugural do acesso ao IFPI<\/p>\n<p>&nbsp;<\/p>\n<p><strong>Domingo (24)<\/strong><\/p>\n<p>&nbsp;<\/p>\n<p>8h &#8211; Hasteamento de Bandeiras e Desfile Militar<\/p>\n<p>Local: Pa\u00e7o Municipal<\/p>\n<p>&nbsp;<\/p>\n<p>8h30 &#8211; Aposi\u00e7\u00e3o de Corbelha de Flores no Busto de Manoel de Sousa Martins Visconde da Parna\u00edba<\/p>\n<p>Local: Pra\u00e7a Rocha Neto<\/p>\n<p>&nbsp;<\/p>\n<p>9h &#8211; Culto em A\u00e7\u00e3o de Gra\u00e7as<\/p>\n<p>Local: Primeira Igreja Batista<\/p>\n<p>&nbsp;<\/p>\n<p>10h &#8211; Missa em A\u00e7\u00e3o de Gra\u00e7as<\/p>\n<p>Local: Catedral de Nossa Senhora da Vit\u00f3ria ? Pra\u00e7a das Vit\u00f3rias<\/p>\n<p>&nbsp;<\/p>\n<p>11h &#8211; Solenidade de Outorga da Ordem Estadual M\u00e9rito Renascen\u00e7a do Piau\u00ed<\/p>\n<p>Local: Cine Teatro Oeiras<\/p>\n<p>&nbsp;<\/p>\n","protected":false},"excerpt":{"rendered":"<p>O empres\u00e1rio Rubens Alencar recebe neste domingo, 24 de janeiro a Medalha da Ordem Estadual M\u00e9rito Renascen\u00e7a a mais alta comenda do Piau\u00ed representando a gratid\u00e3o do governo do estado&#8230;<\/p>\n","protected":false},"author":1,"featured_media":22644,"comment_status":"open","ping_status":"open","sticky":false,"template":"","format":"standard","meta":{"ngg_post_thumbnail":0,"footnotes":""},"categories":[12],"tags":[],"class_list":["post-22643","post","type-post","status-publish","format-standard","has-post-thumbnail","hentry","category-valenca-news"],"views":427,"meta_data":{"thumb":"https:\/\/portalv1.com.br\/app\/wp-content\/uploads\/2016\/01\/aniversario-margarete-94.jpg","imagem":{"fullsize":{"url":"https:\/\/portalv1.com.br\/app\/wp-content\/uploads\/2016\/01\/aniversario-margarete-94.jpg","width":640,"height":427},"thumbnail":{"url":"https:\/\/portalv1.com.br\/app\/wp-content\/uploads\/2016\/01\/aniversario-margarete-94-100x100.jpg","width":100,"height":100},"medium":{"url":"https:\/\/portalv1.com.br\/app\/wp-content\/uploads\/2016\/01\/aniversario-margarete-94-300x200.jpg","width":300,"height":200},"large":{"url":"https:\/\/portalv1.com.br\/app\/wp-content\/uploads\/2016\/01\/aniversario-margarete-94-640x427.jpg","width":640,"height":427}},"data":{"simple":"22\/01\/2016","date_time":"22\/01\/2016 11:40:45","date":"h\u00e1 10 anos"},"chapeu":"193\u00ba anivers\u00e1rio da ades\u00e3o a Independ\u00eancia","source":"retirar"},"_links":{"self":[{"href":"https:\/\/portalv1.com.br\/api\/wp\/v2\/posts\/22643","targetHints":{"allow":["GET"]}}],"collection":[{"href":"https:\/\/portalv1.com.br\/api\/wp\/v2\/posts"}],"about":[{"href":"https:\/\/portalv1.com.br\/api\/wp\/v2\/types\/post"}],"author":[{"embeddable":true,"href":"https:\/\/portalv1.com.br\/api\/wp\/v2\/users\/1"}],"replies":[{"embeddable":true,"href":"https:\/\/portalv1.com.br\/api\/wp\/v2\/comments?post=22643"}],"version-history":[{"count":0,"href":"https:\/\/portalv1.com.br\/api\/wp\/v2\/posts\/22643\/revisions"}],"wp:featuredmedia":[{"embeddable":true,"href":"https:\/\/portalv1.com.br\/api\/wp\/v2\/media\/22644"}],"wp:attachment":[{"href":"https:\/\/portalv1.com.br\/api\/wp\/v2\/media?parent=22643"}],"wp:term":[{"taxonomy":"category","embeddable":true,"href":"https:\/\/portalv1.com.br\/api\/wp\/v2\/categories?post=22643"},{"taxonomy":"post_tag","embeddable":true,"href":"https:\/\/portalv1.com.br\/api\/wp\/v2\/tags?post=22643"}],"curies":[{"name":"wp","href":"https:\/\/api.w.org\/{rel}","templated":true}]}}