{"id":22677,"date":"2016-01-27T20:43:44","date_gmt":"2016-01-27T23:43:44","guid":{"rendered":"https:\/\/portalv1.com.br\/?p=22677"},"modified":"2016-01-29T10:13:14","modified_gmt":"2016-01-29T13:13:14","slug":"senac-valenca-divulga-lista-de-cursos-comercias-confira-lista-e-aproveite","status":"publish","type":"post","link":"https:\/\/portalv1.com.br\/senac-valenca-divulga-lista-de-cursos-comercias-confira-lista-e-aproveite\/","title":{"rendered":"SENAC Valen\u00e7a divulga lista de cursos comercias. Confira lista e aproveite"},"content":{"rendered":"<p><img loading=\"lazy\" decoding=\"async\" class=\"alignright size-medium wp-image-21368\" src=\"https:\/\/portalv1.com.br\/app\/wp-content\/uploads\/2015\/07\/senac-300x225.jpg\" alt=\"senac\" width=\"300\" height=\"225\" srcset=\"https:\/\/portalv1.com.br\/app\/wp-content\/uploads\/2015\/07\/senac-300x225.jpg 300w, https:\/\/portalv1.com.br\/app\/wp-content\/uploads\/2015\/07\/senac.jpg 640w\" sizes=\"auto, (max-width: 300px) 100vw, 300px\" \/>Quer come\u00e7ar o ano com novas oportunidades de crescimento profissional? O SENAC Valen\u00e7a est\u00e1 com a sua programa\u00e7\u00e3o de cursos comercias voltada especialmente pra voc\u00ea, que quer seu espa\u00e7o no mercado de trabalho, pra voc\u00ea que busca se qualificar com a melhor institui\u00e7\u00e3o de educa\u00e7\u00e3o profissional.<\/p>\n<p>S\u00e3o cursos nos segmentos de idiomas, gest\u00e3o, inform\u00e1tica, beleza na modalidade presencial e a dist\u00e2ncia, atrav\u00e9s da rede SENAC EAD. Para os meses de fevereiro, mar\u00e7o, abril e maio est\u00e3o sendo ofertadas as turmas de English Basic I, Espanhol b\u00e1sico, Libras b\u00e1sico, Ger\u00eancia Administrativa, Photoshop, Modelagem e henna para sobrancelhas .<\/p>\n<p>O SENAC est\u00e1 h\u00e1 70 anos mudando a vida de milhares de brasileiros, aqui voc\u00ea encontra um ambiente agrad\u00e1vel, estrutura de qualidade, material did\u00e1tico exclusivo, voltado diretamente para o seu curso com aulas din\u00e2micas e focadas na pr\u00e1tica profissional, profissionais qualificados, certificado reconhecido nacionalmente e com o respaldo que s\u00f3 o SENAC tem a oferecer, al\u00e9m disso dispomos de forma de pagamento acess\u00edvel e aqui voc\u00ea tem a certeza que est\u00e1 se preparando com quem entende de Educa\u00e7\u00e3o Profissional.<\/p>\n<p>Venha para o SENAC! Seja o diferencial, invista em voc\u00ea, fa\u00e7a cursos no SENAC de Valen\u00e7a!<\/p>\n<p>Mais informa\u00e7\u00f5es procure o setor de matr\u00edculas da unidade operacional de Valen\u00e7a que est\u00e1 localizada ao lado do Terminal Rodovi\u00e1rio ou ligue 89 3465 1066.<\/p>\n<p><img loading=\"lazy\" decoding=\"async\" class=\"aligncenter size-full wp-image-22678\" src=\"https:\/\/portalv1.com.br\/app\/wp-content\/uploads\/2016\/01\/senac.jpg\" alt=\"senac\" width=\"960\" height=\"720\" srcset=\"https:\/\/portalv1.com.br\/app\/wp-content\/uploads\/2016\/01\/senac.jpg 960w, https:\/\/portalv1.com.br\/app\/wp-content\/uploads\/2016\/01\/senac-300x225.jpg 300w, https:\/\/portalv1.com.br\/app\/wp-content\/uploads\/2016\/01\/senac-768x576.jpg 768w, https:\/\/portalv1.com.br\/app\/wp-content\/uploads\/2016\/01\/senac-640x480.jpg 640w\" sizes=\"auto, (max-width: 960px) 100vw, 960px\" \/><\/p>\n","protected":false},"excerpt":{"rendered":"<p>Quer come\u00e7ar o ano com novas oportunidades de crescimento profissional? O SENAC Valen\u00e7a est\u00e1 com a sua programa\u00e7\u00e3o de cursos comercias voltada especialmente pra voc\u00ea, que quer seu espa\u00e7o no&#8230;<\/p>\n","protected":false},"author":1,"featured_media":21368,"comment_status":"open","ping_status":"open","sticky":false,"template":"","format":"standard","meta":{"ngg_post_thumbnail":0,"footnotes":""},"categories":[1055],"tags":[],"class_list":["post-22677","post","type-post","status-publish","format-standard","has-post-thumbnail","hentry","category-concurso-e-emprego"],"views":1115,"meta_data":{"thumb":"https:\/\/portalv1.com.br\/app\/wp-content\/uploads\/2015\/07\/senac.jpg","imagem":{"fullsize":{"url":"https:\/\/portalv1.com.br\/app\/wp-content\/uploads\/2015\/07\/senac.jpg","width":640,"height":480},"thumbnail":{"url":"https:\/\/portalv1.com.br\/app\/wp-content\/uploads\/2015\/07\/senac-100x100.jpg","width":100,"height":100},"medium":{"url":"https:\/\/portalv1.com.br\/app\/wp-content\/uploads\/2015\/07\/senac-300x225.jpg","width":300,"height":225},"large":{"url":"https:\/\/portalv1.com.br\/app\/wp-content\/uploads\/2015\/07\/senac-640x480.jpg","width":640,"height":480}},"data":{"simple":"27\/01\/2016","date_time":"27\/01\/2016 17:43:44","date":"h\u00e1 10 anos"},"chapeu":"Muitas op\u00e7\u00f5es ","source":"slide"},"_links":{"self":[{"href":"https:\/\/portalv1.com.br\/api\/wp\/v2\/posts\/22677","targetHints":{"allow":["GET"]}}],"collection":[{"href":"https:\/\/portalv1.com.br\/api\/wp\/v2\/posts"}],"about":[{"href":"https:\/\/portalv1.com.br\/api\/wp\/v2\/types\/post"}],"author":[{"embeddable":true,"href":"https:\/\/portalv1.com.br\/api\/wp\/v2\/users\/1"}],"replies":[{"embeddable":true,"href":"https:\/\/portalv1.com.br\/api\/wp\/v2\/comments?post=22677"}],"version-history":[{"count":0,"href":"https:\/\/portalv1.com.br\/api\/wp\/v2\/posts\/22677\/revisions"}],"wp:featuredmedia":[{"embeddable":true,"href":"https:\/\/portalv1.com.br\/api\/wp\/v2\/media\/21368"}],"wp:attachment":[{"href":"https:\/\/portalv1.com.br\/api\/wp\/v2\/media?parent=22677"}],"wp:term":[{"taxonomy":"category","embeddable":true,"href":"https:\/\/portalv1.com.br\/api\/wp\/v2\/categories?post=22677"},{"taxonomy":"post_tag","embeddable":true,"href":"https:\/\/portalv1.com.br\/api\/wp\/v2\/tags?post=22677"}],"curies":[{"name":"wp","href":"https:\/\/api.w.org\/{rel}","templated":true}]}}